{"id":4599,"date":"2014-09-10T00:00:00","date_gmt":"2014-09-10T00:00:00","guid":{"rendered":"http:\/\/mirasol-centre.com\/nousite\/es\/?p=4599"},"modified":"2014-09-10T00:00:00","modified_gmt":"2014-09-10T00:00:00","slug":"el-mercado-municipal-y-el-supermercado-del-complejo-mira-sol-centre-abriran-en-septiembre","status":"publish","type":"post","link":"https:\/\/mirasol-centre.com\/es\/el-mercado-municipal-y-el-supermercado-del-complejo-mira-sol-centre-abriran-en-septiembre\/","title":{"rendered":"El mercado municipal y el supermercado del complejo Mira-sol Centre abrir\u00e1n en septiembre."},"content":{"rendered":"<p>El regidor de Comercio, Josep Romero, ha visitado hoy este edificio y ha subrayado que el complejo Mira-sol Centre tendr\u00e1 un buen funcionamiento <strong>\u201cpor su demanda potencial, por la excelente ubicaci\u00f3n y porque est\u00e1n presentes operadores tan importantes como Mercadona\u201d<\/strong>  En estos momentos el mercado municipal todav\u00eda dispone de locales libres y el Ayuntamiento mantiene abierto el proceso para comercializarlos. Romero ha explicado que <strong>\u201clas propuestas para ocupar una parada tienen que tener un proyecto con garant\u00edas y experiencia. Queremos que el mercado tenga una oferta equilibrada y de nivel\u201d<\/strong>  Los interesados al ocupar una parada se tienen que dirigir a las oficinas de Promusa (m\u00e1s informaci\u00f3n al web www.mira-solcentre.cat)  La nueva centralidad comercial de Mira-sol est\u00e1 a punto de ponerse en marcha. El regidor de Comercio, Josep Romero, ha avanzado este mediod\u00eda que <strong>\u201cel pr\u00f3ximo mes de septiembre est\u00e1 previsto que el mercado municipal y el supermercado Mercadona del complejo Mira-sol Centre abren sus puertas al p\u00fablico y empiecen, por lo tanto, a ofrecer un servicio comercial de proximidad\u201d<\/strong>. El \u00e1rea de influencia potencial de este nuevo espacio comercial es de unos 45.000 habitantes, especialmente los que viven en las zonas de Mira-sol, Valldoreix y el barrio de Can Matas. Romero ha subrayado especialmente que <strong>\u201cindependientemente de la crisis Mira-solo Centro funcionar\u00e1. Por su demanda potencial, por la excelente ubicaci\u00f3n y porque est\u00e1n presentes operadores tan importantes como Mercadona\u201d.<\/strong>  El mercado municipal tiene una superficie de mil metros cuadrados y contar\u00e1 con 19 paradas -de entre 30 y 50 m\u00b2- que ofrecer\u00e1n productos frescos. En estos momentos el mercado todav\u00eda dispone de locales libres y el Ayuntamiento mantiene abierto el proceso para comercializarlos. Los interesados al ocupar una parada se tienen que dirigir a las oficinas de Promusa (m\u00e1s informaci\u00f3n al web www.mira-solcentre.cat).  Romero ha explicado que <strong>\u201cactualmente un 30% de las paradas ya est\u00e1n adjudicadas y tenemos varias propuestas m\u00e1s pre-seleccionadas\u201d<\/strong>. En este sentido, Romero ha remarcado que <strong>\u201clas propuestas tienen que tener un proyecto de viabilidad, con garant\u00edas y experiencia. Queremos que el mercado municipal tenga una oferta equilibrada y de nivel\u201d<\/strong>  El nuevo supermercado, que tiene una superficie de 2.045 metros cuadrados, es de la cadena Mercadona. El horario de apertura ser\u00e1 de 9:15 h a 21:15 horas de lunes a s\u00e1bado. Los clientes tambi\u00e9n dispondr\u00e1n de dos horas de aparcamiento gratuitas al parking de Mira-sol Centre, que tiene 310 plazas. La instalaci\u00f3n de este tercero Mercadona en Sant Cugat comportar\u00e1 la creaci\u00f3n de unos 50 puestos de trabajo.  Junto a esta oferta de alimentaci\u00f3n (mercado-supermercado) hay una oferta de 40 establecimientos de servicios de proximidad \u2013entre ellos un gimnasio que estar\u00e1 abierto las 24 horas del d\u00eda- y de restauraci\u00f3n. En estos momentos un 50% de estos locales ya est\u00e1n reservados. En este caso, tambi\u00e9n se mantiene abierto el proceso para comercializarlos \u2013a trav\u00e9s de Promusa- a quien est\u00e9 interesado.<\/p>\n","protected":false},"excerpt":{"rendered":"<p>El regidor de Comercio, Josep Romero, ha visitado hoy este edificio y ha subrayado que el complejo Mira-sol Centre tendr\u00e1 un buen funcionamiento \u201cpor su demanda potencial, por la excelente [&hellip;]<\/p>\n","protected":false},"author":1,"featured_media":0,"comment_status":"closed","ping_status":"closed","sticky":false,"template":"","format":"standard","meta":[],"categories":[138],"tags":[],"featured_image_src":{"landsacpe":false,"list":false,"medium":false,"full":false},"_links":{"self":[{"href":"https:\/\/mirasol-centre.com\/es\/wp-json\/wp\/v2\/posts\/4599"}],"collection":[{"href":"https:\/\/mirasol-centre.com\/es\/wp-json\/wp\/v2\/posts"}],"about":[{"href":"https:\/\/mirasol-centre.com\/es\/wp-json\/wp\/v2\/types\/post"}],"author":[{"embeddable":true,"href":"https:\/\/mirasol-centre.com\/es\/wp-json\/wp\/v2\/users\/1"}],"replies":[{"embeddable":true,"href":"https:\/\/mirasol-centre.com\/es\/wp-json\/wp\/v2\/comments?post=4599"}],"version-history":[{"count":0,"href":"https:\/\/mirasol-centre.com\/es\/wp-json\/wp\/v2\/posts\/4599\/revisions"}],"wp:attachment":[{"href":"https:\/\/mirasol-centre.com\/es\/wp-json\/wp\/v2\/media?parent=4599"}],"wp:term":[{"taxonomy":"category","embeddable":true,"href":"https:\/\/mirasol-centre.com\/es\/wp-json\/wp\/v2\/categories?post=4599"},{"taxonomy":"post_tag","embeddable":true,"href":"https:\/\/mirasol-centre.com\/es\/wp-json\/wp\/v2\/tags?post=4599"}],"curies":[{"name":"wp","href":"https:\/\/api.w.org\/{rel}","templated":true}]}}