{"id":4602,"date":"2014-09-17T00:00:00","date_gmt":"2014-09-17T00:00:00","guid":{"rendered":"http:\/\/mirasol-centre.com\/nousite\/es\/?p=4602"},"modified":"2014-09-17T00:00:00","modified_gmt":"2014-09-17T00:00:00","slug":"el-supermercado-mercadona-del-complejo-mira-sol-centre-abrira-el-27-de-septiembre","status":"publish","type":"post","link":"https:\/\/mirasol-centre.com\/es\/el-supermercado-mercadona-del-complejo-mira-sol-centre-abrira-el-27-de-septiembre\/","title":{"rendered":"El supermercado Mercadona del complejo Mira-sol Centre abrir\u00e1 el 27 de septiembre"},"content":{"rendered":"<h3><strong style=\"color: #000000; font-family: Helvetica, sans-serif; font-size: medium; font-style: normal; font-variant: normal; letter-spacing: normal; line-height: normal; orphans: auto; text-align: justify; text-indent: 0px; text-transform: none; white-space: normal; widows: auto; word-spacing: 0px; -webkit-text-stroke-width: 0px; background-color: #ffffff;\"><span lang=\"ES\" style=\"font-family: Arial; color: black;\">La nueva tienda tendr\u00e1 un horario de apertura de 9:15 h a 21:15 horas de lunes a s\u00e1bado y comportar\u00e1 la creaci\u00f3n de unos 50 puestos de trabajo<\/span><\/strong><\/h3>\n<p> El pr\u00f3ximo d\u00eda 27 de septiembre el supermercado Mercadona abrir\u00e1 sus puertas al complejo Mira-sol Centre. De este modo, entrar\u00e1 en servicio esta nueva centralidad comercial promovida por el Ayuntamiento, que tiene una \u00e1rea de influencia potencial de unos 45.000 habitantes (especialmente a las zonas de Mira-sol, Valldoreix y en el barrio de Can Matas).  El nuevo supermercado, con una superficie de 1.500 metros cuadrados de sala de ventas, tendr\u00e1 secciones de carnicer\u00eda, charcuter\u00eda, pescader\u00eda, perfumer\u00eda, alimentaci\u00f3n envasada, bebidas, droguer\u00eda, horno, fruta y verdura. El horario de apertura ser\u00e1 de 9:15 h a 21:15 horas de lunes a s\u00e1bado. Los clientes tambi\u00e9n dispondr\u00e1n de dos horas de aparcamiento gratuito al parking de Mira-sol Centre, que tiene 310 plazas. La instalaci\u00f3n de este tercero Mercadona en Sant Cugat ha supuesto una inversi\u00f3n de 2,5 millones de euros y la creaci\u00f3n de unos 50 puestos de trabajo. Esta instalaci\u00f3n dispondr\u00e1 de una sala de formaci\u00f3n destinada a la plantilla.  Junto al Mercadona tambi\u00e9n abrir\u00e1 un mercado municipal con una superficie de mil metros cuadrados. Contar\u00e1 con 19 paradas -de entre 30 y 50 m\u00b2- que ofrecer\u00e1n productos frescos. Est\u00e1 previsto que la pr\u00f3xima semana finalicen las obras de acondicionamento de este espacio y que, a partir del 27 de septiembre, las paradas vayan abriendo gradualmente.  En estos momentos un 40% de estas paradas ya est\u00e1n reservadas. El Ayuntamiento mantiene abierto el proceso para comercializar las paradas libres. Los interesados al ocupar una se tienen que dirigir a las oficinas de Promusa (m\u00e1s informaci\u00f3n al web\u00a0<a href=\"http:\/\/www.mirasol-centre.com\" target=\"_blank\">www.mirasol-centre.com<\/a>).  Junto a esta oferta de alimentaci\u00f3n (mercado-supermercado) tambi\u00e9n hay una oferta de 40 establecimientos de servicios de proximidad \u2013entre ellos un gimnasio que estar\u00e1 abierto las 24 horas del d\u00eda y que entrar\u00e1 en funcionamiento el 10 de septiembre- y de restauraci\u00f3n. En estos momentos un 50% de estos locales ya est\u00e1n reservados. En este caso, tambi\u00e9n se mantiene abierto el proceso para comercializarlos \u2013a trav\u00e9s de Promusa- a quien est\u00e9 interesado.  <strong>El nuevo Mercadona, una \u201ctienda por ambientes\u201d<\/strong>  El supermercado contar\u00e1 con todas las caracter\u00edsticas de la \u201cTienda por ambientes\u201d de Mercadona, un formato comercial que naci\u00f3 en 2000 cuando la compa\u00f1\u00eda decidi\u00f3 revolucionar el concepto de supermercado para adecuarlo mejor a las necesidades de sus clientes. Esta \u201cTienda por ambientes\u201d permite optimizar al m\u00e1ximo el acto de compra gracias a la distribuci\u00f3n adecuada del espacio, al dise\u00f1o exclusivo de las secciones y a la dotaci\u00f3n de m\u00e1s espacio porque el cliente pueda acceder c\u00f3modamente a los productos. Por otro lado, este modelo de tiendas tambi\u00e9n es m\u00e1s sostenible desde un punto de vista medioambiental, puesto que incorpora una serie de medidas (iluminaci\u00f3n m\u00e1s eficiente, instalaci\u00f3n de recuperadores de calor, introducci\u00f3n de temporizadores&#8230;) que reducen hasta un 20% el consumo energ\u00e9tico del supermercado.  Este nuevo proyecto se suma a los once mercados catalanes donde Mercadona ya est\u00e1 presente y sigue consolidando su apuesta decidida por la recuperaci\u00f3n de los mercados municipales de Catalu\u00f1a con el objetivo de potenciar el comercio urbano de los barrios y las ciudades y contribuir a la dinamizaci\u00f3n y modernizaci\u00f3n. Mercadona tiene actualmente 161 tiendas repartidas por las cuatro provincias catalanas y un Centro Log\u00edstico en Sant Sadurn\u00ed d&#8217;Anoia. La plantilla de la compa\u00f1\u00eda en Catalu\u00f1a asciende a 9.240 personas, todas con contrato indefinido.  <strong>El complejo Mira-sol Centre, una centralidad promover por el Ayuntamiento<\/strong>  Es un edificio promover por el Ayuntamiento ante la estaci\u00f3n de los FGC de Mira-sol con el objetivo de impulsar en este entorno una nueva \u00e1rea de centralidad social y comercial al municipio. Tiene una superficie de 45.000 m\u00b2 y acoge 87 viviendas p\u00fablicas, la biblioteca Marta Pessarrodona, 5.500 m\u00b2 de oficinas, 310 plazas p\u00fablicas de aparcamiento sepultado, un espacio destinado a supermercado de 2.000 m\u00b2 (adjudicado a la cadena Mercadona), un espacio para un mercado municipal (19 paradas) y 40 locales comerciales<\/p>\n","protected":false},"excerpt":{"rendered":"<p>La nueva tienda tendr\u00e1 un horario de apertura de 9:15 h a 21:15 horas de lunes a s\u00e1bado y comportar\u00e1 la creaci\u00f3n de unos 50 puestos de trabajo El pr\u00f3ximo [&hellip;]<\/p>\n","protected":false},"author":1,"featured_media":4027,"comment_status":"closed","ping_status":"closed","sticky":false,"template":"","format":"standard","meta":[],"categories":[138],"tags":[],"featured_image_src":{"landsacpe":["https:\/\/mirasol-centre.com\/nousite\/wp-content\/uploads\/2017\/05\/mercadona.jpg",400,174,false],"list":["https:\/\/mirasol-centre.com\/nousite\/wp-content\/uploads\/2017\/05\/mercadona.jpg",400,174,false],"medium":["https:\/\/mirasol-centre.com\/nousite\/wp-content\/uploads\/2017\/05\/mercadona-300x131.jpg",300,131,true],"full":["https:\/\/mirasol-centre.com\/nousite\/wp-content\/uploads\/2017\/05\/mercadona.jpg",400,174,false]},"_links":{"self":[{"href":"https:\/\/mirasol-centre.com\/es\/wp-json\/wp\/v2\/posts\/4602"}],"collection":[{"href":"https:\/\/mirasol-centre.com\/es\/wp-json\/wp\/v2\/posts"}],"about":[{"href":"https:\/\/mirasol-centre.com\/es\/wp-json\/wp\/v2\/types\/post"}],"author":[{"embeddable":true,"href":"https:\/\/mirasol-centre.com\/es\/wp-json\/wp\/v2\/users\/1"}],"replies":[{"embeddable":true,"href":"https:\/\/mirasol-centre.com\/es\/wp-json\/wp\/v2\/comments?post=4602"}],"version-history":[{"count":0,"href":"https:\/\/mirasol-centre.com\/es\/wp-json\/wp\/v2\/posts\/4602\/revisions"}],"wp:featuredmedia":[{"embeddable":true,"href":"https:\/\/mirasol-centre.com\/es\/wp-json\/wp\/v2\/media\/4027"}],"wp:attachment":[{"href":"https:\/\/mirasol-centre.com\/es\/wp-json\/wp\/v2\/media?parent=4602"}],"wp:term":[{"taxonomy":"category","embeddable":true,"href":"https:\/\/mirasol-centre.com\/es\/wp-json\/wp\/v2\/categories?post=4602"},{"taxonomy":"post_tag","embeddable":true,"href":"https:\/\/mirasol-centre.com\/es\/wp-json\/wp\/v2\/tags?post=4602"}],"curies":[{"name":"wp","href":"https:\/\/api.w.org\/{rel}","templated":true}]}}