{"id":4603,"date":"2014-09-17T00:00:00","date_gmt":"2014-09-17T00:00:00","guid":{"rendered":"http:\/\/mirasol-centre.com\/nousite\/es\/?p=4603"},"modified":"2014-09-17T00:00:00","modified_gmt":"2014-09-17T00:00:00","slug":"mercadona-crea-50-empleos-con-su-nuevo-establecimiento-en-sant-cugat","status":"publish","type":"post","link":"https:\/\/mirasol-centre.com\/es\/mercadona-crea-50-empleos-con-su-nuevo-establecimiento-en-sant-cugat\/","title":{"rendered":"Mercadona crea 50 empleos con su nuevo establecimiento en Sant Cugat"},"content":{"rendered":"<h3><span class=\"Apple-style-span\" style=\"color: #000000; font-size: 16px; font-style: normal; font-variant: normal; font-weight: normal; letter-spacing: normal; line-height: normal; orphans: auto; text-align: start; text-indent: 0px; text-transform: none; white-space: normal; widows: auto; word-spacing: 0px; -webkit-text-stroke-width: 0px; font-family: Verdana; background-color: #ffffff;\">La cadena de<span class=\"Apple-converted-space\">\u00a0<\/span><strong>supermercados Mercadona abrir\u00e1<\/strong><span class=\"Apple-converted-space\">\u00a0<\/span>el 27 de septiembre su<span class=\"Apple-converted-space\">\u00a0<\/span><strong>nuevo establecimiento<\/strong><span class=\"Apple-converted-space\">\u00a0<\/span>en Sant Cugat del Vall\u00e8s (Barcelona), situado en el Mira-sol Centre y que permitir\u00e1 la creaci\u00f3n de 50 puestos de trabajo, seg\u00fan ha informado este jueves el Ayuntamiento.\u2028<\/span><span style=\"color: #000000; font-family: Helvetica, sans-serif; font-size: medium; font-style: normal; font-variant: normal; font-weight: normal; letter-spacing: normal; line-height: normal; orphans: auto; text-align: start; text-indent: 0px; text-transform: none; white-space: normal; widows: auto; word-spacing: 0px; -webkit-text-stroke-width: 0px; display: inline !important; float: none; background-color: #ffffff;\"> <\/span><\/h3>\n<p> Con este establecimiento se pone en marcha una nueva centralidad comercial en el municipio, que contar\u00e1 tambi\u00e9n a partir de septiembre con un mercado municipal con 19 paradas y con 40 locales de servicios de proximidad en un \u00e1rea de influencia potencial de unos 45.000 habitantes.  El local de Mercadona cuenta con una superficie de 1.500 metros cuadrados de sala de ventas y supone el tercer establecimiento de la cadena en el municipio vallesano, para el que ha invertido 2,5 millones de euros  <em>Fuente: La Vanguardia digital (<a href=\"http:\/\/www.lavanguardia.com\" target=\"_blank\">http:\/\/www.lavanguardia.com<\/a>)<\/em>  &amp;nbsp;  &amp;nbsp;<\/p>\n","protected":false},"excerpt":{"rendered":"<p>La cadena de\u00a0supermercados Mercadona abrir\u00e1\u00a0el 27 de septiembre su\u00a0nuevo establecimiento\u00a0en Sant Cugat del Vall\u00e8s (Barcelona), situado en el Mira-sol Centre y que permitir\u00e1 la creaci\u00f3n de 50 puestos de trabajo, [&hellip;]<\/p>\n","protected":false},"author":1,"featured_media":4029,"comment_status":"closed","ping_status":"closed","sticky":false,"template":"","format":"standard","meta":[],"categories":[138],"tags":[],"featured_image_src":{"landsacpe":["https:\/\/mirasol-centre.com\/nousite\/wp-content\/uploads\/2017\/05\/mercadona-mercat-web.jpg",500,320,false],"list":["https:\/\/mirasol-centre.com\/nousite\/wp-content\/uploads\/2017\/05\/mercadona-mercat-web-463x320.jpg",463,320,true],"medium":["https:\/\/mirasol-centre.com\/nousite\/wp-content\/uploads\/2017\/05\/mercadona-mercat-web-300x192.jpg",300,192,true],"full":["https:\/\/mirasol-centre.com\/nousite\/wp-content\/uploads\/2017\/05\/mercadona-mercat-web.jpg",500,320,false]},"_links":{"self":[{"href":"https:\/\/mirasol-centre.com\/es\/wp-json\/wp\/v2\/posts\/4603"}],"collection":[{"href":"https:\/\/mirasol-centre.com\/es\/wp-json\/wp\/v2\/posts"}],"about":[{"href":"https:\/\/mirasol-centre.com\/es\/wp-json\/wp\/v2\/types\/post"}],"author":[{"embeddable":true,"href":"https:\/\/mirasol-centre.com\/es\/wp-json\/wp\/v2\/users\/1"}],"replies":[{"embeddable":true,"href":"https:\/\/mirasol-centre.com\/es\/wp-json\/wp\/v2\/comments?post=4603"}],"version-history":[{"count":0,"href":"https:\/\/mirasol-centre.com\/es\/wp-json\/wp\/v2\/posts\/4603\/revisions"}],"wp:featuredmedia":[{"embeddable":true,"href":"https:\/\/mirasol-centre.com\/es\/wp-json\/wp\/v2\/media\/4029"}],"wp:attachment":[{"href":"https:\/\/mirasol-centre.com\/es\/wp-json\/wp\/v2\/media?parent=4603"}],"wp:term":[{"taxonomy":"category","embeddable":true,"href":"https:\/\/mirasol-centre.com\/es\/wp-json\/wp\/v2\/categories?post=4603"},{"taxonomy":"post_tag","embeddable":true,"href":"https:\/\/mirasol-centre.com\/es\/wp-json\/wp\/v2\/tags?post=4603"}],"curies":[{"name":"wp","href":"https:\/\/api.w.org\/{rel}","templated":true}]}}