{"id":4605,"date":"2014-09-17T00:00:00","date_gmt":"2014-09-17T00:00:00","guid":{"rendered":"http:\/\/mirasol-centre.com\/nousite\/es\/?p=4605"},"modified":"2014-09-17T00:00:00","modified_gmt":"2014-09-17T00:00:00","slug":"mira-sol-centre-te-brinda-una-gran-oportunidad-para-tu-negocio","status":"publish","type":"post","link":"https:\/\/mirasol-centre.com\/es\/mira-sol-centre-te-brinda-una-gran-oportunidad-para-tu-negocio\/","title":{"rendered":"Mira-sol centre te brinda una gran oportunidad para tu negocio"},"content":{"rendered":"<p>El objetivo de la creaci\u00f3n de Mira-sol Centre ha sido poder abastecer las necesidades de proximidad a su \u00e1rea de influencia que incluye Mirasol, Valldoreix, Las planas , la Floresta y parte de Sant Cugat.  Desde la apertura del supermercado\u00a0<strong>MERCADONA<\/strong>, en setiembre de 2012, se ha constatado un buen ritmo de visitas que ha ido en aumento a medida que se han abierto Nuevos comercios y paradas. Actualmente el tr\u00e1fico de veh\u00edculos mensuales se cifra en m\u00e1s de 29.000, lo que traducido en personas representa m\u00e1s de\u00a0<strong>60.000 visitas mensuales a la Centralidad Mira-sol Centre<\/strong>. Estas cifras son susceptibles a aumentos durante los pr\u00f3ximos meses, a medida que el supermercado vaya consolidando nuevos clientes y vaya incorporando nueva oferta comercial de locales y paradas.  Adicionalmente, se ha podido cuantificar que unas\u00a0<strong>5.300 familias son compradoras habituales\u00a0\u00a0de<\/strong>\u00a0<strong>Mira-sol Centre<\/strong>.\u00a0\u00a0Esta cifra garantiza que las actividades que hay instaladas y las que se pueden instalar disponen de un volumen suficiente de compradores como para tener \u00e9xito si los productos son adecuados y los precios son suficientemente competitivos.  En definitiva, Mira-sol centre ofrece un espacio comercial de proximidad donde poder desarrollar una actividad comercial adecuada a la demanda del entorno, garantizando una afluencia de clientes suficiente y con tendencia al aumento. Todo esto ha sido posible gracias a la excelente ubicaci\u00f3n, a la correcta dimensi\u00f3n del propio edificio, ofreciendo 6.000m2 de superficie comercial total y 310 plazas de aparcamiento con dos horas gratuitas.<\/p>\n","protected":false},"excerpt":{"rendered":"<p>El objetivo de la creaci\u00f3n de Mira-sol Centre ha sido poder abastecer las necesidades de proximidad a su \u00e1rea de influencia que incluye Mirasol, Valldoreix, Las planas , la Floresta [&hellip;]<\/p>\n","protected":false},"author":1,"featured_media":4033,"comment_status":"closed","ping_status":"closed","sticky":false,"template":"","format":"standard","meta":[],"categories":[138],"tags":[],"featured_image_src":{"landsacpe":["https:\/\/mirasol-centre.com\/nousite\/wp-content\/uploads\/2017\/05\/IMG_2909-1140x445.jpg",1140,445,true],"list":["https:\/\/mirasol-centre.com\/nousite\/wp-content\/uploads\/2017\/05\/IMG_2909-463x348.jpg",463,348,true],"medium":["https:\/\/mirasol-centre.com\/nousite\/wp-content\/uploads\/2017\/05\/IMG_2909-300x200.jpg",300,200,true],"full":["https:\/\/mirasol-centre.com\/nousite\/wp-content\/uploads\/2017\/05\/IMG_2909.jpg",4272,2848,false]},"_links":{"self":[{"href":"https:\/\/mirasol-centre.com\/es\/wp-json\/wp\/v2\/posts\/4605"}],"collection":[{"href":"https:\/\/mirasol-centre.com\/es\/wp-json\/wp\/v2\/posts"}],"about":[{"href":"https:\/\/mirasol-centre.com\/es\/wp-json\/wp\/v2\/types\/post"}],"author":[{"embeddable":true,"href":"https:\/\/mirasol-centre.com\/es\/wp-json\/wp\/v2\/users\/1"}],"replies":[{"embeddable":true,"href":"https:\/\/mirasol-centre.com\/es\/wp-json\/wp\/v2\/comments?post=4605"}],"version-history":[{"count":0,"href":"https:\/\/mirasol-centre.com\/es\/wp-json\/wp\/v2\/posts\/4605\/revisions"}],"wp:featuredmedia":[{"embeddable":true,"href":"https:\/\/mirasol-centre.com\/es\/wp-json\/wp\/v2\/media\/4033"}],"wp:attachment":[{"href":"https:\/\/mirasol-centre.com\/es\/wp-json\/wp\/v2\/media?parent=4605"}],"wp:term":[{"taxonomy":"category","embeddable":true,"href":"https:\/\/mirasol-centre.com\/es\/wp-json\/wp\/v2\/categories?post=4605"},{"taxonomy":"post_tag","embeddable":true,"href":"https:\/\/mirasol-centre.com\/es\/wp-json\/wp\/v2\/tags?post=4605"}],"curies":[{"name":"wp","href":"https:\/\/api.w.org\/{rel}","templated":true}]}}