{"id":4618,"date":"2014-12-11T00:00:00","date_gmt":"2014-12-11T00:00:00","guid":{"rendered":"http:\/\/mirasol-centre.com\/nousite\/es\/?p=4618"},"modified":"2014-12-11T00:00:00","modified_gmt":"2014-12-11T00:00:00","slug":"el-mercado-de-mira-sol-centre-ya-esta-ocupado-al-100","status":"publish","type":"post","link":"https:\/\/mirasol-centre.com\/es\/el-mercado-de-mira-sol-centre-ya-esta-ocupado-al-100\/","title":{"rendered":"EL MERCADO DE MIRA &#8211; SOL CENTRE YA EST\u00c1 OCUPADO AL 100%"},"content":{"rendered":"<p>Desde el pasado mes de noviembre y con la incorporaci\u00f3n de la parada de especialidades italianas PREGO , el mercado de Mira-sol Centre ya est\u00e1 ocupado en su totalidad.  En octubre de 2.012 abri\u00f3 sus puertas el Supermercado Mercadona de Mira-sol centre. Desde entonces, y de forma progresiva, se han ido incorporando nuevas paradas en el mercado hasta que el pasado m\u00e1s noviembre inaugur\u00f3 la \u00faltima parada ocupando el \u00faltimo espacio disponible.  A pesar de la coyuntura adversa, durante estos dos a\u00f1os, el mercado de Mira-sol Centre se ha ido consolidando como un modelo de \u00e9xito en cuanto al comercio de proximidad. La oferta complementaria del supermercado y del mercado hacen que el p\u00fablico del entorno inmediato le considere su centro de referencia en relaci\u00f3n a sus compras cotidianas.<\/p>\n","protected":false},"excerpt":{"rendered":"<p>Desde el pasado mes de noviembre y con la incorporaci\u00f3n de la parada de especialidades italianas PREGO , el mercado de Mira-sol Centre ya est\u00e1 ocupado en su totalidad. En [&hellip;]<\/p>\n","protected":false},"author":1,"featured_media":4055,"comment_status":"closed","ping_status":"closed","sticky":false,"template":"","format":"standard","meta":[],"categories":[138],"tags":[],"featured_image_src":{"landsacpe":["https:\/\/mirasol-centre.com\/nousite\/wp-content\/uploads\/2017\/05\/100aforament.jpg",304,166,false],"list":["https:\/\/mirasol-centre.com\/nousite\/wp-content\/uploads\/2017\/05\/100aforament.jpg",304,166,false],"medium":["https:\/\/mirasol-centre.com\/nousite\/wp-content\/uploads\/2017\/05\/100aforament-300x164.jpg",300,164,true],"full":["https:\/\/mirasol-centre.com\/nousite\/wp-content\/uploads\/2017\/05\/100aforament.jpg",304,166,false]},"_links":{"self":[{"href":"https:\/\/mirasol-centre.com\/es\/wp-json\/wp\/v2\/posts\/4618"}],"collection":[{"href":"https:\/\/mirasol-centre.com\/es\/wp-json\/wp\/v2\/posts"}],"about":[{"href":"https:\/\/mirasol-centre.com\/es\/wp-json\/wp\/v2\/types\/post"}],"author":[{"embeddable":true,"href":"https:\/\/mirasol-centre.com\/es\/wp-json\/wp\/v2\/users\/1"}],"replies":[{"embeddable":true,"href":"https:\/\/mirasol-centre.com\/es\/wp-json\/wp\/v2\/comments?post=4618"}],"version-history":[{"count":0,"href":"https:\/\/mirasol-centre.com\/es\/wp-json\/wp\/v2\/posts\/4618\/revisions"}],"wp:featuredmedia":[{"embeddable":true,"href":"https:\/\/mirasol-centre.com\/es\/wp-json\/wp\/v2\/media\/4055"}],"wp:attachment":[{"href":"https:\/\/mirasol-centre.com\/es\/wp-json\/wp\/v2\/media?parent=4618"}],"wp:term":[{"taxonomy":"category","embeddable":true,"href":"https:\/\/mirasol-centre.com\/es\/wp-json\/wp\/v2\/categories?post=4618"},{"taxonomy":"post_tag","embeddable":true,"href":"https:\/\/mirasol-centre.com\/es\/wp-json\/wp\/v2\/tags?post=4618"}],"curies":[{"name":"wp","href":"https:\/\/api.w.org\/{rel}","templated":true}]}}