{"id":4640,"date":"2015-07-01T00:00:00","date_gmt":"2015-07-01T00:00:00","guid":{"rendered":"http:\/\/mirasol-centre.com\/nousite\/es\/?p=4640"},"modified":"2015-07-01T00:00:00","modified_gmt":"2015-07-01T00:00:00","slug":"fiesta-mayor-2015-en-mira-sol-centre-para-los-mas-pequenos","status":"publish","type":"post","link":"https:\/\/mirasol-centre.com\/es\/fiesta-mayor-2015-en-mira-sol-centre-para-los-mas-pequenos\/","title":{"rendered":"FIESTA MAYOR 2015 en Mira -Sol Centre para los m\u00e1s peque\u00f1os!!!"},"content":{"rendered":"<p>Te invitamos a la FIESTA MAYOR de Mirasol Centre para los m\u00e1s peque\u00f1os que se celebrar\u00e1 el pr\u00f3ximo S\u00c1BADO 11\/07\/15 por la ma\u00f1ana (11:00h \u2013 14:00h) delante del Mercado Municipal.  Habr\u00e1:  \u2022 Pintacaras \u2022 Globoflexia \u2022 Hinchable \u2022 Desfile de cornetas y tambores \u2022 Circuito de actividades infantiles \u2022 M\u00fasica \u2022 Y m\u00e1s sorpresas&#8230;  No te lo pierdas y ven a pasarlo bien!  Te esperamos!  <a href=\"http:\/\/www.mirasol-centre.com\/wp-content\/uploads\/2015\/07\/FMMirasolAAFF70X150-web.jpg\"><img decoding=\"async\" loading=\"lazy\" class=\" size-large wp-image-2987 alignleft\" src=\"http:\/\/www.mirasol-centre.com\/wp-content\/uploads\/2015\/07\/FMMirasolAAFF70X150-web-486x1024.jpg\" alt=\"FMMirasolAAFF70X150 web\" width=\"486\" height=\"1024\" \/><\/a><\/p>\n","protected":false},"excerpt":{"rendered":"<p>Te invitamos a la FIESTA MAYOR de Mirasol Centre para los m\u00e1s peque\u00f1os que se celebrar\u00e1 el pr\u00f3ximo S\u00c1BADO 11\/07\/15 por la ma\u00f1ana (11:00h \u2013 14:00h) delante del Mercado Municipal. [&hellip;]<\/p>\n","protected":false},"author":1,"featured_media":4175,"comment_status":"closed","ping_status":"closed","sticky":false,"template":"","format":"standard","meta":[],"categories":[138],"tags":[],"featured_image_src":{"landsacpe":["https:\/\/mirasol-centre.com\/nousite\/wp-content\/uploads\/2017\/05\/festamajor.png",550,440,false],"list":["https:\/\/mirasol-centre.com\/nousite\/wp-content\/uploads\/2017\/05\/festamajor-463x348.png",463,348,true],"medium":["https:\/\/mirasol-centre.com\/nousite\/wp-content\/uploads\/2017\/05\/festamajor-300x240.png",300,240,true],"full":["https:\/\/mirasol-centre.com\/nousite\/wp-content\/uploads\/2017\/05\/festamajor.png",550,440,false]},"_links":{"self":[{"href":"https:\/\/mirasol-centre.com\/es\/wp-json\/wp\/v2\/posts\/4640"}],"collection":[{"href":"https:\/\/mirasol-centre.com\/es\/wp-json\/wp\/v2\/posts"}],"about":[{"href":"https:\/\/mirasol-centre.com\/es\/wp-json\/wp\/v2\/types\/post"}],"author":[{"embeddable":true,"href":"https:\/\/mirasol-centre.com\/es\/wp-json\/wp\/v2\/users\/1"}],"replies":[{"embeddable":true,"href":"https:\/\/mirasol-centre.com\/es\/wp-json\/wp\/v2\/comments?post=4640"}],"version-history":[{"count":0,"href":"https:\/\/mirasol-centre.com\/es\/wp-json\/wp\/v2\/posts\/4640\/revisions"}],"wp:featuredmedia":[{"embeddable":true,"href":"https:\/\/mirasol-centre.com\/es\/wp-json\/wp\/v2\/media\/4175"}],"wp:attachment":[{"href":"https:\/\/mirasol-centre.com\/es\/wp-json\/wp\/v2\/media?parent=4640"}],"wp:term":[{"taxonomy":"category","embeddable":true,"href":"https:\/\/mirasol-centre.com\/es\/wp-json\/wp\/v2\/categories?post=4640"},{"taxonomy":"post_tag","embeddable":true,"href":"https:\/\/mirasol-centre.com\/es\/wp-json\/wp\/v2\/tags?post=4640"}],"curies":[{"name":"wp","href":"https:\/\/api.w.org\/{rel}","templated":true}]}}