{"id":4642,"date":"2015-07-01T00:00:00","date_gmt":"2015-07-01T00:00:00","guid":{"rendered":"http:\/\/mirasol-centre.com\/nousite\/es\/?p=4642"},"modified":"2015-07-01T00:00:00","modified_gmt":"2015-07-01T00:00:00","slug":"bella-vida-un-nuevo-espacio-per-degustar-i-disfrutar-en-mira-sol-centre","status":"publish","type":"post","link":"https:\/\/mirasol-centre.com\/es\/bella-vida-un-nuevo-espacio-per-degustar-i-disfrutar-en-mira-sol-centre\/","title":{"rendered":"BELLA VIDA. Un nuevo espacio per degustar i disfrutar  en Mira-sol Centre."},"content":{"rendered":"<p>Mira-sol Centre dispone de un nuevo espacio de cafeter\u00eda -granja i helader\u00eda en la 1ra. Planta de la Centralidad.  El pasado mes de mayo BELLA VIDA abri\u00f3 las puertas al p\u00fablico!  L&#8217; Establecimiento est\u00e1 ubicado en la Planta 1ra de Mira -sol Centre, en la plaza central, enfrente de la peluquer\u00eda Espai M\u00e8i .  L&#8217; Establecimiento de BELLA VIDA ofrece un espacio tranquilo para los m\u00e1s peque\u00f1os para que disfruten en la plaza central de la Planta 1ra., mientras que lo m\u00e1s mayores pueden desayunar, merendar, hacer el vermut, tomar helados, comprar el pan, i mucho m\u00e1s&#8230; tanto dentro del local como en la espectacular terraza exterior que dispone.  Ven i con\u00f3celos !<\/p>\n","protected":false},"excerpt":{"rendered":"<p>Mira-sol Centre dispone de un nuevo espacio de cafeter\u00eda -granja i helader\u00eda en la 1ra. Planta de la Centralidad. El pasado mes de mayo BELLA VIDA abri\u00f3 las puertas al [&hellip;]<\/p>\n","protected":false},"author":1,"featured_media":4196,"comment_status":"closed","ping_status":"closed","sticky":false,"template":"","format":"standard","meta":[],"categories":[138],"tags":[],"featured_image_src":{"landsacpe":["https:\/\/mirasol-centre.com\/nousite\/wp-content\/uploads\/2017\/05\/Bella-Vida-cafeteria-mostra-ok.jpg",500,305,false],"list":["https:\/\/mirasol-centre.com\/nousite\/wp-content\/uploads\/2017\/05\/Bella-Vida-cafeteria-mostra-ok-463x305.jpg",463,305,true],"medium":["https:\/\/mirasol-centre.com\/nousite\/wp-content\/uploads\/2017\/05\/Bella-Vida-cafeteria-mostra-ok-300x183.jpg",300,183,true],"full":["https:\/\/mirasol-centre.com\/nousite\/wp-content\/uploads\/2017\/05\/Bella-Vida-cafeteria-mostra-ok.jpg",500,305,false]},"_links":{"self":[{"href":"https:\/\/mirasol-centre.com\/es\/wp-json\/wp\/v2\/posts\/4642"}],"collection":[{"href":"https:\/\/mirasol-centre.com\/es\/wp-json\/wp\/v2\/posts"}],"about":[{"href":"https:\/\/mirasol-centre.com\/es\/wp-json\/wp\/v2\/types\/post"}],"author":[{"embeddable":true,"href":"https:\/\/mirasol-centre.com\/es\/wp-json\/wp\/v2\/users\/1"}],"replies":[{"embeddable":true,"href":"https:\/\/mirasol-centre.com\/es\/wp-json\/wp\/v2\/comments?post=4642"}],"version-history":[{"count":0,"href":"https:\/\/mirasol-centre.com\/es\/wp-json\/wp\/v2\/posts\/4642\/revisions"}],"wp:featuredmedia":[{"embeddable":true,"href":"https:\/\/mirasol-centre.com\/es\/wp-json\/wp\/v2\/media\/4196"}],"wp:attachment":[{"href":"https:\/\/mirasol-centre.com\/es\/wp-json\/wp\/v2\/media?parent=4642"}],"wp:term":[{"taxonomy":"category","embeddable":true,"href":"https:\/\/mirasol-centre.com\/es\/wp-json\/wp\/v2\/categories?post=4642"},{"taxonomy":"post_tag","embeddable":true,"href":"https:\/\/mirasol-centre.com\/es\/wp-json\/wp\/v2\/tags?post=4642"}],"curies":[{"name":"wp","href":"https:\/\/api.w.org\/{rel}","templated":true}]}}