{"id":4654,"date":"2015-12-02T00:00:00","date_gmt":"2015-12-02T00:00:00","guid":{"rendered":"http:\/\/mirasol-centre.com\/nousite\/es\/?p=4654"},"modified":"2015-12-02T00:00:00","modified_gmt":"2015-12-02T00:00:00","slug":"com-a-casa-la-nueva-panaderia-degustacion-cafeteria-de-mira-sol-centre","status":"publish","type":"post","link":"https:\/\/mirasol-centre.com\/es\/com-a-casa-la-nueva-panaderia-degustacion-cafeteria-de-mira-sol-centre\/","title":{"rendered":"COM A CASA. La nueva panader\u00eda-degustaci\u00f3n Cafeter\u00eda de Mira-sol Centre."},"content":{"rendered":"<p><strong>Ven a la inauguraci\u00f3n de COMO A CASA del pr\u00f3ximo S\u00e1bado 05\/12\/15 a las 12:00h. Habr\u00e1 chocolatada y la actuaci\u00f3n de los FALCONS DE VILANOVA D\u2019ESPOI\u00c0.<\/strong>  Mira-sol Centre abre un nuevo espacio de panader\u00eda &#8211; degustaci\u00f3n Cafeter\u00eda en la 1ra. Planta de la Centralitat.  El establecimiento est\u00e1 ubicado en la Planta 1ra de Mira-sol Centre, en la plaza central, frente a la peluquer\u00eda ESPAI M\u00c8I .  El establecimiento <strong>COM A CASA<\/strong>, ofrece un espacio tranquilo donde los m\u00e1s peque\u00f1os pueden disfrutar de la plaza Central de la Planta 1ra. mientras que lo m\u00e1s mayores pueden disfrutar del servicio de panader\u00eda-degustaci\u00f3n Cafeter\u00eda. <strong>COM A CASA<\/strong> elaborar\u00e1 postres caseros.  Te esperamos!  &amp;nbsp;  &amp;nbsp;  <a href=\"http:\/\/www.mirasol-centre.com\/wp-content\/uploads\/2015\/12\/cartel.jpg\"><img decoding=\"async\" loading=\"lazy\" class=\"aligncenter size-full wp-image-3189\" src=\"http:\/\/www.mirasol-centre.com\/wp-content\/uploads\/2015\/12\/cartel.jpg\" alt=\"cartel\" width=\"403\" height=\"593\" \/><\/a><\/p>\n","protected":false},"excerpt":{"rendered":"<p>Ven a la inauguraci\u00f3n de COMO A CASA del pr\u00f3ximo S\u00e1bado 05\/12\/15 a las 12:00h. Habr\u00e1 chocolatada y la actuaci\u00f3n de los FALCONS DE VILANOVA D\u2019ESPOI\u00c0. Mira-sol Centre abre un [&hellip;]<\/p>\n","protected":false},"author":1,"featured_media":4256,"comment_status":"closed","ping_status":"closed","sticky":false,"template":"","format":"standard","meta":[],"categories":[138],"tags":[],"featured_image_src":{"landsacpe":["https:\/\/mirasol-centre.com\/nousite\/wp-content\/uploads\/2017\/05\/com-a-casa.jpg",397,238,false],"list":["https:\/\/mirasol-centre.com\/nousite\/wp-content\/uploads\/2017\/05\/com-a-casa.jpg",397,238,false],"medium":["https:\/\/mirasol-centre.com\/nousite\/wp-content\/uploads\/2017\/05\/com-a-casa-300x180.jpg",300,180,true],"full":["https:\/\/mirasol-centre.com\/nousite\/wp-content\/uploads\/2017\/05\/com-a-casa.jpg",397,238,false]},"_links":{"self":[{"href":"https:\/\/mirasol-centre.com\/es\/wp-json\/wp\/v2\/posts\/4654"}],"collection":[{"href":"https:\/\/mirasol-centre.com\/es\/wp-json\/wp\/v2\/posts"}],"about":[{"href":"https:\/\/mirasol-centre.com\/es\/wp-json\/wp\/v2\/types\/post"}],"author":[{"embeddable":true,"href":"https:\/\/mirasol-centre.com\/es\/wp-json\/wp\/v2\/users\/1"}],"replies":[{"embeddable":true,"href":"https:\/\/mirasol-centre.com\/es\/wp-json\/wp\/v2\/comments?post=4654"}],"version-history":[{"count":0,"href":"https:\/\/mirasol-centre.com\/es\/wp-json\/wp\/v2\/posts\/4654\/revisions"}],"wp:featuredmedia":[{"embeddable":true,"href":"https:\/\/mirasol-centre.com\/es\/wp-json\/wp\/v2\/media\/4256"}],"wp:attachment":[{"href":"https:\/\/mirasol-centre.com\/es\/wp-json\/wp\/v2\/media?parent=4654"}],"wp:term":[{"taxonomy":"category","embeddable":true,"href":"https:\/\/mirasol-centre.com\/es\/wp-json\/wp\/v2\/categories?post=4654"},{"taxonomy":"post_tag","embeddable":true,"href":"https:\/\/mirasol-centre.com\/es\/wp-json\/wp\/v2\/tags?post=4654"}],"curies":[{"name":"wp","href":"https:\/\/api.w.org\/{rel}","templated":true}]}}