{"id":4689,"date":"2017-02-22T00:00:00","date_gmt":"2017-02-22T00:00:00","guid":{"rendered":"http:\/\/mirasol-centre.com\/nousite\/es\/?p=4689"},"modified":"2017-02-22T00:00:00","modified_gmt":"2017-02-22T00:00:00","slug":"cerramos-por-sant-medir-2","status":"publish","type":"post","link":"https:\/\/mirasol-centre.com\/es\/cerramos-por-sant-medir-2\/","title":{"rendered":"CERRAMOS POR SANT MEDIR"},"content":{"rendered":"<p>El pr\u00f3ximo viernes 3 de marzo,\u00a0<strong>SANT MEDIR<\/strong>, \u00a0Mira-sol Centre cerrar\u00e1 sus instalaciones por fiesta local en Sant Cugat del Vall\u00e8s.  Feliz D\u00edia!  &amp;nbsp;  <a href=\"http:\/\/www.mirasol-centre.com\/wp-content\/uploads\/2016\/02\/Medir15_faves_1024.jpg\"><img decoding=\"async\" loading=\"lazy\" class=\"alignnone size-medium wp-image-3379\" src=\"http:\/\/www.mirasol-centre.com\/wp-content\/uploads\/2016\/02\/Medir15_faves_1024-300x225.jpg\" alt=\"Medir15_faves_1024\" width=\"300\" height=\"225\" \/><\/a><\/p>\n","protected":false},"excerpt":{"rendered":"<p>El pr\u00f3ximo viernes 3 de marzo,\u00a0SANT MEDIR, \u00a0Mira-sol Centre cerrar\u00e1 sus instalaciones por fiesta local en Sant Cugat del Vall\u00e8s. Feliz D\u00edia! &amp;nbsp;<\/p>\n","protected":false},"author":1,"featured_media":4396,"comment_status":"closed","ping_status":"closed","sticky":false,"template":"","format":"standard","meta":[],"categories":[120],"tags":[],"featured_image_src":{"landsacpe":["https:\/\/mirasol-centre.com\/nousite\/wp-content\/uploads\/2017\/05\/Medir15_faves_1024-1024x445.jpg",1024,445,true],"list":["https:\/\/mirasol-centre.com\/nousite\/wp-content\/uploads\/2017\/05\/Medir15_faves_1024-463x348.jpg",463,348,true],"medium":["https:\/\/mirasol-centre.com\/nousite\/wp-content\/uploads\/2017\/05\/Medir15_faves_1024-300x225.jpg",300,225,true],"full":["https:\/\/mirasol-centre.com\/nousite\/wp-content\/uploads\/2017\/05\/Medir15_faves_1024.jpg",1024,768,false]},"_links":{"self":[{"href":"https:\/\/mirasol-centre.com\/es\/wp-json\/wp\/v2\/posts\/4689"}],"collection":[{"href":"https:\/\/mirasol-centre.com\/es\/wp-json\/wp\/v2\/posts"}],"about":[{"href":"https:\/\/mirasol-centre.com\/es\/wp-json\/wp\/v2\/types\/post"}],"author":[{"embeddable":true,"href":"https:\/\/mirasol-centre.com\/es\/wp-json\/wp\/v2\/users\/1"}],"replies":[{"embeddable":true,"href":"https:\/\/mirasol-centre.com\/es\/wp-json\/wp\/v2\/comments?post=4689"}],"version-history":[{"count":0,"href":"https:\/\/mirasol-centre.com\/es\/wp-json\/wp\/v2\/posts\/4689\/revisions"}],"wp:featuredmedia":[{"embeddable":true,"href":"https:\/\/mirasol-centre.com\/es\/wp-json\/wp\/v2\/media\/4396"}],"wp:attachment":[{"href":"https:\/\/mirasol-centre.com\/es\/wp-json\/wp\/v2\/media?parent=4689"}],"wp:term":[{"taxonomy":"category","embeddable":true,"href":"https:\/\/mirasol-centre.com\/es\/wp-json\/wp\/v2\/categories?post=4689"},{"taxonomy":"post_tag","embeddable":true,"href":"https:\/\/mirasol-centre.com\/es\/wp-json\/wp\/v2\/tags?post=4689"}],"curies":[{"name":"wp","href":"https:\/\/api.w.org\/{rel}","templated":true}]}}