{"id":5507,"date":"2012-09-13T00:00:00","date_gmt":"2012-09-13T00:00:00","guid":{"rendered":"http:\/\/mirasol-centre.com\/es\/el-mercat-municipal-i-el-supermercat-del-complex-mira-sol-centre-obriran-al-setembre\/"},"modified":"2018-03-07T08:24:46","modified_gmt":"2018-03-07T08:24:46","slug":"el-mercat-municipal-i-el-supermercat-del-complex-mira-sol-centre-obriran-al-setembre","status":"publish","type":"post","link":"https:\/\/mirasol-centre.com\/es\/el-mercat-municipal-i-el-supermercat-del-complex-mira-sol-centre-obriran-al-setembre\/","title":{"rendered":"El mercado municipal y el supermercado del complejo Mira-sol Centre abrir\u00e1n en septiembre"},"content":{"rendered":"<p>El concejal de Comercio, Jos\u00e9 Romero, ha visitado hoy este edificio y subray\u00f3 que el complejo Mira-sol Centre tendr\u00e1 un muy buen funcionamiento \u00abpor su demanda potencial, por la excelente ubicaci\u00f3n y porque est\u00e1n presentes operadores tan importantes como Mercadona \u00ab. En estos momentos el mercado municipal a\u00fan dispone de locales libres y el Ayuntamiento mantiene abierto el proceso para comercializarlos. Romero explic\u00f3 que \u00ablas propuestas para ocupar un puesto deben tener un proyecto con garant\u00edas y experiencia. Queremos que el mercado tenga una oferta equilibrada y de nivel \u00ab. Los interesados \u200b\u200ben ocupar una parada deben dirigirse a las oficinas de Promusa (m\u00e1s informaci\u00f3n en la web www.mira-solcentre.cat). La nueva centralidad comercial de Mira-sol est\u00e1 a punto de ponerse en marcha. El concejal de Comercio, Jos\u00e9 Romero, ha avanzado este mediod\u00eda que \u00abel pr\u00f3ximo mes de septiembre est\u00e1 previsto que el mercado municipal y el supermercado Mercadona del complejo Mira-sol Centre abran sus puertas al p\u00fablico y empiecen, por tanto, ofrecer un servicio comercial de proximidad \u00ab. El \u00e1rea de influencia potencial de este nuevo espacio comercial es de unos 45.000 habitantes, especialmente los que viven en las zonas de Mira-sol, Valldoreix y el barrio de Can Mates. Romero ha subrayado especialmente que \u00abindependientemente de la crisis el Mira-sol Centre funcionar\u00e1. Por su demanda potencial, por la excelente ubicaci\u00f3n y porque est\u00e1n presentes operadores tan importantes como Mercadona \u00ab. El mercado municipal tiene una superficie de mil metros cuadrados y contar\u00e1 con 19 paradas -de entre 30 y 50 m\u00b2- que ofrecer\u00e1n productos frescos. En estos momentos el mercado a\u00fan dispone de locales libres y el Ayuntamiento mantiene abierto el proceso para comercializarlos. Los interesados \u200b\u200ben ocupar una parada deben dirigirse a las oficinas de Promusa (m\u00e1s informaci\u00f3n en la web www.mira-solcentre.cat). Romero explic\u00f3 que \u00abactualmente un 30% de las paradas ya est\u00e1n adjudicadas y tenemos varias propuestas m\u00e1s pre-seleccionadas\u00bb. En este sentido, Romero ha remarcado que \u00ablas propuestas deben tener un proyecto de viabilidad, con garant\u00edas y experiencia. Queremos que el mercado municipal tenga una oferta equilibrada y de nivel \u00ab.<\/p>\n","protected":false},"excerpt":{"rendered":"<p>El concejal de Comercio, Jos\u00e9 Romero, ha visitado hoy este edificio y subray\u00f3 que el complejo Mira-sol Centre tendr\u00e1 un muy buen funcionamiento \u00abpor su demanda potencial, por la excelente [&hellip;]<\/p>\n","protected":false},"author":1,"featured_media":0,"comment_status":"closed","ping_status":"closed","sticky":false,"template":"","format":"standard","meta":[],"categories":[116],"tags":[],"featured_image_src":{"landsacpe":false,"list":false,"medium":false,"full":false},"_links":{"self":[{"href":"https:\/\/mirasol-centre.com\/es\/wp-json\/wp\/v2\/posts\/5507"}],"collection":[{"href":"https:\/\/mirasol-centre.com\/es\/wp-json\/wp\/v2\/posts"}],"about":[{"href":"https:\/\/mirasol-centre.com\/es\/wp-json\/wp\/v2\/types\/post"}],"author":[{"embeddable":true,"href":"https:\/\/mirasol-centre.com\/es\/wp-json\/wp\/v2\/users\/1"}],"replies":[{"embeddable":true,"href":"https:\/\/mirasol-centre.com\/es\/wp-json\/wp\/v2\/comments?post=5507"}],"version-history":[{"count":3,"href":"https:\/\/mirasol-centre.com\/es\/wp-json\/wp\/v2\/posts\/5507\/revisions"}],"predecessor-version":[{"id":5510,"href":"https:\/\/mirasol-centre.com\/es\/wp-json\/wp\/v2\/posts\/5507\/revisions\/5510"}],"wp:attachment":[{"href":"https:\/\/mirasol-centre.com\/es\/wp-json\/wp\/v2\/media?parent=5507"}],"wp:term":[{"taxonomy":"category","embeddable":true,"href":"https:\/\/mirasol-centre.com\/es\/wp-json\/wp\/v2\/categories?post=5507"},{"taxonomy":"post_tag","embeddable":true,"href":"https:\/\/mirasol-centre.com\/es\/wp-json\/wp\/v2\/tags?post=5507"}],"curies":[{"name":"wp","href":"https:\/\/api.w.org\/{rel}","templated":true}]}}