{"id":5512,"date":"2012-09-17T00:00:00","date_gmt":"2012-09-17T00:00:00","guid":{"rendered":"http:\/\/mirasol-centre.com\/es\/el-supermercat-mercadona-del-complex-mira-sol-centre-obrira-el-27-de-setembre\/"},"modified":"2018-03-07T08:37:29","modified_gmt":"2018-03-07T08:37:29","slug":"el-supermercat-mercadona-del-complex-mira-sol-centre-obrira-el-27-de-setembre","status":"publish","type":"post","link":"https:\/\/mirasol-centre.com\/es\/el-supermercat-mercadona-del-complex-mira-sol-centre-obrira-el-27-de-setembre\/","title":{"rendered":"El supermercado Mercadona del complejo Mira-sol Centre abrir\u00e1 el 27 de septiembre"},"content":{"rendered":"<p>La nueva tienda tendr\u00e1 un horario de apertura de 9:15 h a 21:15 horas de lunes a s\u00e1bado y conllevar\u00e1 la creaci\u00f3n de unos 50 puestos de trabajo.<br \/>\nEl pr\u00f3ximo d\u00eda 27 de septiembre el supermercado Mercadona abrir\u00e1 sus puertas al complejo Mira-sol Centre. De este modo, entrar\u00e1 en servicio esta nueva centralidad comercial promovida por el Ayuntamiento, que tiene un \u00e1rea de influencia potencial de unos 45.000 habitantes (especialmente en las zonas de Mira-sol, Valldoreix y el barrio de Can Mates). El nuevo supermercado, con una superficie de 1.500 metros cuadrados de sala de ventas, tendr\u00e1 secciones de carnicer\u00eda, charcuter\u00eda, pescader\u00eda, perfumer\u00eda, alimentaci\u00f3n envasada, bebidas, droguer\u00eda, horno, fruta y verdura. El horario de apertura ser\u00e1 de 9:15 h a 21:15 horas de lunes a s\u00e1bado. Los clientes tambi\u00e9n dispondr\u00e1n de dos horas de aparcamiento gratuito en el parking del Mira-sol Centre, que tiene 310 plazas. La instalaci\u00f3n de este tercer Mercadona en Sant Cugat ha supuesto una inversi\u00f3n de 2,5 millones de euros y la creaci\u00f3n de unos 50 puestos de trabajo. Esta instalaci\u00f3n dispondr\u00e1 de una sala de formaci\u00f3n destinada a la plantilla. Junto al Mercadona tambi\u00e9n abrir\u00e1 un mercado municipal con una superficie de mil metros cuadrados. Contar\u00e1 con 19 paradas -de entre 30 y 50 m\u00b2- que ofrecer\u00e1n productos frescos. Est\u00e1 previsto que la pr\u00f3xima semana finalicen las obras de acondicionamiento de este espacio y que, a partir del 27 de septiembre, las paradas vayan abriendo paulatinamente. En estos momentos un 40% de estos puestos ya est\u00e1n reservadas. El Ayuntamiento mantiene abierto el proceso para comercializar las paradas libres. Los interesados \u200b\u200ben ocupar una deben dirigirse a las oficinas de Promusa (m\u00e1s informaci\u00f3n en la web www.mirasol-centre.com). Junto a esta oferta de alimentaci\u00f3n (mercado-supermercado) tambi\u00e9n hay una oferta de 40 establecimientos de servicios de proximidad -entre ellos un gimnasio que estar\u00e1 abierto las 24 horas del d\u00eda y que entrar\u00e1 en funcionamiento el 10 de septiembre- y de restauraci\u00f3n. En estos momentos un 50% de estos locales ya est\u00e1n reservados. En este caso, tambi\u00e9n se mantiene abierto el proceso para comercializarlos -a trav\u00e9s de Promusa- a quien est\u00e9 interesado. El nuevo Mercadona, una \u00abtienda por ambientes\u00bb El supermercado contar\u00e1 con todas las caracter\u00edsticas de la \u00abTienda por ambientes\u00bb de Mercadona, un formato comercial que naci\u00f3 en el a\u00f1o 2000 cuando la compa\u00f1\u00eda decidi\u00f3 revolucionar el concepto de supermercado para adecuarlos mejor a las necesidades de sus clientes. Esta \u00abTienda por ambientes\u00bb permite optimizar al m\u00e1ximo el acto de compra gracias a la distribuci\u00f3n adecuada del espacio, el dise\u00f1o exclusivo de las secciones y la dotaci\u00f3n de m\u00e1s espacio para que el cliente pueda acceder c\u00f3modamente a los productos. Por otra parte, este modelo de tiendas tambi\u00e9n es m\u00e1s sostenible desde un punto de vista medioambiental, ya que incorpora una serie de medidas (iluminaci\u00f3n m\u00e1s eficiente, instalaci\u00f3n de recuperadores de calor, introducci\u00f3n de temporizadores &#8230;) que reducen hasta un 20% el consumo energ\u00e9tico del supermercado. Este nuevo proyecto se suma a los once mercados catalanes donde Mercadona ya est\u00e1 presente y sigue consolidando su apuesta decidida por la recuperaci\u00f3n de los mercados municipales de Catalu\u00f1a con el objetivo de potenciar el comercio urbano de los barrios y las ciudades y contribuir a la dinamizaci\u00f3n y modernizaci\u00f3n. Mercadona tiene actualmente 161 tiendas repartidas por las cuatro provincias catalanas y un Centro Log\u00edstico en Sant Sadurn\u00ed d&#8217;Anoia. La plantilla de la compa\u00f1\u00eda en Catalu\u00f1a asciende a 9.240 personas, todas con contrato indefinido. El complejo Mirasol Centro, una centralidad promovida por el Ayuntamiento. Es un edificio promovido por el Ayuntamiento frente a la estaci\u00f3n de los FGC de Mira-sol con el objetivo de impulsar en este entorno una nueva \u00e1rea de centralidad social y comercial en el municipio. Tiene una superficie de 45.000 m\u00b2 y acoge 87 viviendas p\u00fablicas, la biblioteca Marta Pessarrodona, 5.500 m\u00b2 de oficinas, 310 plazas p\u00fablicas de aparcamiento subterr\u00e1neo, un espacio destinado a supermercado de 2.000 m\u00b2 (adjudicado a la cadena Mercadona), un espacio para a un mercado municipal (19 paradas) y 40 locales comerciales.<\/p>\n","protected":false},"excerpt":{"rendered":"<p>La nueva tienda tendr\u00e1 un horario de apertura de 9:15 h a 21:15 horas de lunes a s\u00e1bado y conllevar\u00e1 la creaci\u00f3n de unos 50 puestos de trabajo. El pr\u00f3ximo [&hellip;]<\/p>\n","protected":false},"author":1,"featured_media":7252,"comment_status":"closed","ping_status":"closed","sticky":false,"template":"","format":"standard","meta":[],"categories":[116],"tags":[],"featured_image_src":{"landsacpe":["https:\/\/mirasol-centre.com\/nousite\/wp-content\/uploads\/2017\/05\/mercadona.jpg",400,174,false],"list":["https:\/\/mirasol-centre.com\/nousite\/wp-content\/uploads\/2017\/05\/mercadona.jpg",400,174,false],"medium":["https:\/\/mirasol-centre.com\/nousite\/wp-content\/uploads\/2017\/05\/mercadona-300x131.jpg",300,131,true],"full":["https:\/\/mirasol-centre.com\/nousite\/wp-content\/uploads\/2017\/05\/mercadona.jpg",400,174,false]},"_links":{"self":[{"href":"https:\/\/mirasol-centre.com\/es\/wp-json\/wp\/v2\/posts\/5512"}],"collection":[{"href":"https:\/\/mirasol-centre.com\/es\/wp-json\/wp\/v2\/posts"}],"about":[{"href":"https:\/\/mirasol-centre.com\/es\/wp-json\/wp\/v2\/types\/post"}],"author":[{"embeddable":true,"href":"https:\/\/mirasol-centre.com\/es\/wp-json\/wp\/v2\/users\/1"}],"replies":[{"embeddable":true,"href":"https:\/\/mirasol-centre.com\/es\/wp-json\/wp\/v2\/comments?post=5512"}],"version-history":[{"count":2,"href":"https:\/\/mirasol-centre.com\/es\/wp-json\/wp\/v2\/posts\/5512\/revisions"}],"predecessor-version":[{"id":5514,"href":"https:\/\/mirasol-centre.com\/es\/wp-json\/wp\/v2\/posts\/5512\/revisions\/5514"}],"wp:featuredmedia":[{"embeddable":true,"href":"https:\/\/mirasol-centre.com\/es\/wp-json\/wp\/v2\/media\/7252"}],"wp:attachment":[{"href":"https:\/\/mirasol-centre.com\/es\/wp-json\/wp\/v2\/media?parent=5512"}],"wp:term":[{"taxonomy":"category","embeddable":true,"href":"https:\/\/mirasol-centre.com\/es\/wp-json\/wp\/v2\/categories?post=5512"},{"taxonomy":"post_tag","embeddable":true,"href":"https:\/\/mirasol-centre.com\/es\/wp-json\/wp\/v2\/tags?post=5512"}],"curies":[{"name":"wp","href":"https:\/\/api.w.org\/{rel}","templated":true}]}}