{"id":5516,"date":"2012-11-17T00:00:00","date_gmt":"2012-11-17T00:00:00","guid":{"rendered":"http:\/\/mirasol-centre.com\/es\/mercadona-crea-50-ocupacions-amb-el-seu-nou-establiment-a-sant-cugat\/"},"modified":"2018-03-07T08:40:52","modified_gmt":"2018-03-07T08:40:52","slug":"mercadona-crea-50-ocupacions-amb-el-seu-nou-establiment-a-sant-cugat","status":"publish","type":"post","link":"https:\/\/mirasol-centre.com\/es\/mercadona-crea-50-ocupacions-amb-el-seu-nou-establiment-a-sant-cugat\/","title":{"rendered":"Mercadona crea 50 empleos con su nuevo establecimiento en Sant Cugat"},"content":{"rendered":"<p>La cadena de supermercados Mercadona abrir\u00e1 el 27 de septiembre su nuevo establecimiento en Sant Cugat del Vall\u00e8s (Barcelona), situado en el Mira-sol Centre y que permitir\u00e1 la creaci\u00f3n de 50 puestos de trabajo, seg\u00fan ha informado este jueves el Ayuntamiento.<br \/>\nCon este establecimiento se pone en marcha una nueva centralidad comercial en el municipio, que contar\u00e1 tambi\u00e9n a partir de septiembre con un mercado municipal con 19 paradas y con 40 locales de servicios de proximidad en un \u00e1rea de influencia potencial de unos 45.000 habitantes. El local de Mercadona cuenta con una superficie de 1.500 metros cuadrados de sala de ventas y supone el tercer establecimiento de la cadena en el municipio vallesano, por el que ha invertido 2,5 millones de euros Fuente: La Vanguardia digital (http: \/ \/www.lavanguardia.com) &amp; nbsp;<\/p>\n","protected":false},"excerpt":{"rendered":"<p>La cadena de supermercados Mercadona abrir\u00e1 el 27 de septiembre su nuevo establecimiento en Sant Cugat del Vall\u00e8s (Barcelona), situado en el Mira-sol Centre y que permitir\u00e1 la creaci\u00f3n de [&hellip;]<\/p>\n","protected":false},"author":1,"featured_media":7253,"comment_status":"closed","ping_status":"closed","sticky":false,"template":"","format":"standard","meta":[],"categories":[116],"tags":[],"featured_image_src":{"landsacpe":["https:\/\/mirasol-centre.com\/nousite\/wp-content\/uploads\/2017\/05\/mercadona-mercat-web.jpg",500,320,false],"list":["https:\/\/mirasol-centre.com\/nousite\/wp-content\/uploads\/2017\/05\/mercadona-mercat-web-463x320.jpg",463,320,true],"medium":["https:\/\/mirasol-centre.com\/nousite\/wp-content\/uploads\/2017\/05\/mercadona-mercat-web-300x192.jpg",300,192,true],"full":["https:\/\/mirasol-centre.com\/nousite\/wp-content\/uploads\/2017\/05\/mercadona-mercat-web.jpg",500,320,false]},"_links":{"self":[{"href":"https:\/\/mirasol-centre.com\/es\/wp-json\/wp\/v2\/posts\/5516"}],"collection":[{"href":"https:\/\/mirasol-centre.com\/es\/wp-json\/wp\/v2\/posts"}],"about":[{"href":"https:\/\/mirasol-centre.com\/es\/wp-json\/wp\/v2\/types\/post"}],"author":[{"embeddable":true,"href":"https:\/\/mirasol-centre.com\/es\/wp-json\/wp\/v2\/users\/1"}],"replies":[{"embeddable":true,"href":"https:\/\/mirasol-centre.com\/es\/wp-json\/wp\/v2\/comments?post=5516"}],"version-history":[{"count":2,"href":"https:\/\/mirasol-centre.com\/es\/wp-json\/wp\/v2\/posts\/5516\/revisions"}],"predecessor-version":[{"id":5518,"href":"https:\/\/mirasol-centre.com\/es\/wp-json\/wp\/v2\/posts\/5516\/revisions\/5518"}],"wp:featuredmedia":[{"embeddable":true,"href":"https:\/\/mirasol-centre.com\/es\/wp-json\/wp\/v2\/media\/7253"}],"wp:attachment":[{"href":"https:\/\/mirasol-centre.com\/es\/wp-json\/wp\/v2\/media?parent=5516"}],"wp:term":[{"taxonomy":"category","embeddable":true,"href":"https:\/\/mirasol-centre.com\/es\/wp-json\/wp\/v2\/categories?post=5516"},{"taxonomy":"post_tag","embeddable":true,"href":"https:\/\/mirasol-centre.com\/es\/wp-json\/wp\/v2\/tags?post=5516"}],"curies":[{"name":"wp","href":"https:\/\/api.w.org\/{rel}","templated":true}]}}