{"id":5536,"date":"2014-01-20T00:00:00","date_gmt":"2014-01-20T00:00:00","guid":{"rendered":"http:\/\/mirasol-centre.com\/es\/mira-sol-centre-et-brinda-una-gran-oportunitat-pel-teu-negoci\/"},"modified":"2018-03-07T08:59:08","modified_gmt":"2018-03-07T08:59:08","slug":"mira-sol-centre-et-brinda-una-gran-oportunitat-pel-teu-negoci","status":"publish","type":"post","link":"https:\/\/mirasol-centre.com\/es\/mira-sol-centre-et-brinda-una-gran-oportunitat-pel-teu-negoci\/","title":{"rendered":"Mira-sol Centre te brinda una gran oportunidad para tu negocio"},"content":{"rendered":"<p>El objeto de la creaci\u00f3n de Mira-sol Centre ha sido poder abastecer de las necesidades de proximidad a su \u00e1rea de influencia que incluye Mira-sol, Valldoreix, Las planas, la Floresta y parte de Sant Cugat. Desde la apertura del supermercado MERCADONA, en septiembre de 2012, se ha constatado un buen ritmo de visitas que ha ido en aumento a medida que se han ido abriendo nuevos comercios y paradas. Actualmente el tr\u00e1fico de veh\u00edculos mensual se cifra en m\u00e1s de 29.000, lo que traducido a personas representan m\u00e1s de 60.000 visitas mensuales a la Centralidad Mira-sol Centro. Estas cifras son susceptibles de aumentos durante los pr\u00f3ximos meses, a medida que el supermercado vaya consolidando nuevos clientes y se vaya incorporando nueva oferta comercial de locales y paradas. Adicionalmente, se ha podido cuantificar que unas 5.300 familias son compradores habituales de Mira-sol Centre. Esta cifra garantiza que las actividades que hay instaladas y las que se pueden instalar disponen de un volumen suficiente de compradores como para tener \u00e9xito si los productos son adecuados y los precios son suficientemente competitivos. En definitiva, Mira-sol Centre ofrece un espacio comercial de proximidad donde poder desarrollar una actividad comercial adecuada a la demanda del entorno, garantizando una afluencia de clientes suficiente y con tendencia al aumento. Todo esto ha sido posible gracias a la excelente ubicaci\u00f3n, el correcto dimensionamiento del propio edificio, ofreciendo 6.000m2 de superficie comercial total y 310 plazas de aparcamiento con dos horas gratuitas.<\/p>\n","protected":false},"excerpt":{"rendered":"<p>El objeto de la creaci\u00f3n de Mira-sol Centre ha sido poder abastecer de las necesidades de proximidad a su \u00e1rea de influencia que incluye Mira-sol, Valldoreix, Las planas, la Floresta [&hellip;]<\/p>\n","protected":false},"author":1,"featured_media":7255,"comment_status":"closed","ping_status":"closed","sticky":false,"template":"","format":"standard","meta":[],"categories":[116],"tags":[],"featured_image_src":{"landsacpe":["https:\/\/mirasol-centre.com\/nousite\/wp-content\/uploads\/2017\/05\/IMG_2909-1140x445.jpg",1140,445,true],"list":["https:\/\/mirasol-centre.com\/nousite\/wp-content\/uploads\/2017\/05\/IMG_2909-463x348.jpg",463,348,true],"medium":["https:\/\/mirasol-centre.com\/nousite\/wp-content\/uploads\/2017\/05\/IMG_2909-300x200.jpg",300,200,true],"full":["https:\/\/mirasol-centre.com\/nousite\/wp-content\/uploads\/2017\/05\/IMG_2909.jpg",4272,2848,false]},"_links":{"self":[{"href":"https:\/\/mirasol-centre.com\/es\/wp-json\/wp\/v2\/posts\/5536"}],"collection":[{"href":"https:\/\/mirasol-centre.com\/es\/wp-json\/wp\/v2\/posts"}],"about":[{"href":"https:\/\/mirasol-centre.com\/es\/wp-json\/wp\/v2\/types\/post"}],"author":[{"embeddable":true,"href":"https:\/\/mirasol-centre.com\/es\/wp-json\/wp\/v2\/users\/1"}],"replies":[{"embeddable":true,"href":"https:\/\/mirasol-centre.com\/es\/wp-json\/wp\/v2\/comments?post=5536"}],"version-history":[{"count":2,"href":"https:\/\/mirasol-centre.com\/es\/wp-json\/wp\/v2\/posts\/5536\/revisions"}],"predecessor-version":[{"id":5538,"href":"https:\/\/mirasol-centre.com\/es\/wp-json\/wp\/v2\/posts\/5536\/revisions\/5538"}],"wp:featuredmedia":[{"embeddable":true,"href":"https:\/\/mirasol-centre.com\/es\/wp-json\/wp\/v2\/media\/7255"}],"wp:attachment":[{"href":"https:\/\/mirasol-centre.com\/es\/wp-json\/wp\/v2\/media?parent=5536"}],"wp:term":[{"taxonomy":"category","embeddable":true,"href":"https:\/\/mirasol-centre.com\/es\/wp-json\/wp\/v2\/categories?post=5536"},{"taxonomy":"post_tag","embeddable":true,"href":"https:\/\/mirasol-centre.com\/es\/wp-json\/wp\/v2\/tags?post=5536"}],"curies":[{"name":"wp","href":"https:\/\/api.w.org\/{rel}","templated":true}]}}