{"id":5546,"date":"2014-09-27T00:00:00","date_gmt":"2014-09-27T00:00:00","guid":{"rendered":"http:\/\/mirasol-centre.com\/es\/la-percha-bugaderia-ecologica-i-arranjaments-de-roba\/"},"modified":"2018-03-07T09:08:01","modified_gmt":"2018-03-07T09:08:01","slug":"la-percha-bugaderia-ecologica-i-arranjaments-de-roba","status":"publish","type":"post","link":"https:\/\/mirasol-centre.com\/es\/la-percha-bugaderia-ecologica-i-arranjaments-de-roba\/","title":{"rendered":"LA PERCHA: Lavander\u00eda ecol\u00f3gica y arreglos de ropa"},"content":{"rendered":"<p>LA PERCHA: Lavander\u00eda ecol\u00f3gica y arreglos de ropa. El pr\u00f3ximo viernes 25 de septiembre LA PERCHA abrir\u00e1 la puerta al p\u00fablico. Jueves 24 de septiembre de 19:00-21:00 se celebrar\u00e1 la inauguraci\u00f3n de la Lavander\u00eda. Cabe destacar de la lavander\u00eda que utilizar\u00e1n productos ecol\u00f3gico y biodegradables con todos los tratamientos y productos de limpieza.<\/p>\n","protected":false},"excerpt":{"rendered":"<p>LA PERCHA: Lavander\u00eda ecol\u00f3gica y arreglos de ropa. El pr\u00f3ximo viernes 25 de septiembre LA PERCHA abrir\u00e1 la puerta al p\u00fablico. Jueves 24 de septiembre de 19:00-21:00 se celebrar\u00e1 la [&hellip;]<\/p>\n","protected":false},"author":1,"featured_media":7261,"comment_status":"closed","ping_status":"closed","sticky":false,"template":"","format":"standard","meta":[],"categories":[116],"tags":[],"featured_image_src":{"landsacpe":["https:\/\/mirasol-centre.com\/nousite\/wp-content\/uploads\/2017\/05\/lapercha.png",300,64,false],"list":["https:\/\/mirasol-centre.com\/nousite\/wp-content\/uploads\/2017\/05\/lapercha.png",300,64,false],"medium":["https:\/\/mirasol-centre.com\/nousite\/wp-content\/uploads\/2017\/05\/lapercha-300x64.png",300,64,true],"full":["https:\/\/mirasol-centre.com\/nousite\/wp-content\/uploads\/2017\/05\/lapercha.png",300,64,false]},"_links":{"self":[{"href":"https:\/\/mirasol-centre.com\/es\/wp-json\/wp\/v2\/posts\/5546"}],"collection":[{"href":"https:\/\/mirasol-centre.com\/es\/wp-json\/wp\/v2\/posts"}],"about":[{"href":"https:\/\/mirasol-centre.com\/es\/wp-json\/wp\/v2\/types\/post"}],"author":[{"embeddable":true,"href":"https:\/\/mirasol-centre.com\/es\/wp-json\/wp\/v2\/users\/1"}],"replies":[{"embeddable":true,"href":"https:\/\/mirasol-centre.com\/es\/wp-json\/wp\/v2\/comments?post=5546"}],"version-history":[{"count":2,"href":"https:\/\/mirasol-centre.com\/es\/wp-json\/wp\/v2\/posts\/5546\/revisions"}],"predecessor-version":[{"id":5548,"href":"https:\/\/mirasol-centre.com\/es\/wp-json\/wp\/v2\/posts\/5546\/revisions\/5548"}],"wp:featuredmedia":[{"embeddable":true,"href":"https:\/\/mirasol-centre.com\/es\/wp-json\/wp\/v2\/media\/7261"}],"wp:attachment":[{"href":"https:\/\/mirasol-centre.com\/es\/wp-json\/wp\/v2\/media?parent=5546"}],"wp:term":[{"taxonomy":"category","embeddable":true,"href":"https:\/\/mirasol-centre.com\/es\/wp-json\/wp\/v2\/categories?post=5546"},{"taxonomy":"post_tag","embeddable":true,"href":"https:\/\/mirasol-centre.com\/es\/wp-json\/wp\/v2\/tags?post=5546"}],"curies":[{"name":"wp","href":"https:\/\/api.w.org\/{rel}","templated":true}]}}