{"id":5567,"date":"2014-12-02T00:00:00","date_gmt":"2014-12-02T00:00:00","guid":{"rendered":"http:\/\/mirasol-centre.com\/es\/ja-tenim-servei-de-neteja-ecologica-de-vehicles-2\/"},"modified":"2018-03-07T09:38:18","modified_gmt":"2018-03-07T09:38:18","slug":"ja-tenim-servei-de-neteja-ecologica-de-vehicles-2","status":"publish","type":"post","link":"https:\/\/mirasol-centre.com\/es\/ja-tenim-servei-de-neteja-ecologica-de-vehicles-2\/","title":{"rendered":"YA TENEMOS SERVICIO DE LIMPIEZA ECOL\u00d3GICA DE VEH\u00cdCULOS!"},"content":{"rendered":"<p>El martes, 2 de diciembre, se puso en funcionamiento el lavado de veh\u00edculos del aparcamiento. Los clientes de Mira-sol ya pueden encargar la limpieza de su veh\u00edculo en el aparcamiento de la centralidad mientras hacen la compra. La limpieza se realiza a mano, en seco y con productos ecol\u00f3gicos. El servicio se ofrece tanto para la limpieza interior como para la limpieza exterior.<\/p>\n","protected":false},"excerpt":{"rendered":"<p>El martes, 2 de diciembre, se puso en funcionamiento el lavado de veh\u00edculos del aparcamiento. Los clientes de Mira-sol ya pueden encargar la limpieza de su veh\u00edculo en el aparcamiento [&hellip;]<\/p>\n","protected":false},"author":1,"featured_media":7267,"comment_status":"closed","ping_status":"closed","sticky":false,"template":"","format":"standard","meta":[],"categories":[116],"tags":[],"featured_image_src":{"landsacpe":["https:\/\/mirasol-centre.com\/nousite\/wp-content\/uploads\/2017\/05\/IMG-20141119-WA000_edit-640x445.jpg",640,445,true],"list":["https:\/\/mirasol-centre.com\/nousite\/wp-content\/uploads\/2017\/05\/IMG-20141119-WA000_edit-463x348.jpg",463,348,true],"medium":["https:\/\/mirasol-centre.com\/nousite\/wp-content\/uploads\/2017\/05\/IMG-20141119-WA000_edit-300x300.jpg",300,300,true],"full":["https:\/\/mirasol-centre.com\/nousite\/wp-content\/uploads\/2017\/05\/IMG-20141119-WA000_edit.jpg",640,640,false]},"_links":{"self":[{"href":"https:\/\/mirasol-centre.com\/es\/wp-json\/wp\/v2\/posts\/5567"}],"collection":[{"href":"https:\/\/mirasol-centre.com\/es\/wp-json\/wp\/v2\/posts"}],"about":[{"href":"https:\/\/mirasol-centre.com\/es\/wp-json\/wp\/v2\/types\/post"}],"author":[{"embeddable":true,"href":"https:\/\/mirasol-centre.com\/es\/wp-json\/wp\/v2\/users\/1"}],"replies":[{"embeddable":true,"href":"https:\/\/mirasol-centre.com\/es\/wp-json\/wp\/v2\/comments?post=5567"}],"version-history":[{"count":2,"href":"https:\/\/mirasol-centre.com\/es\/wp-json\/wp\/v2\/posts\/5567\/revisions"}],"predecessor-version":[{"id":5569,"href":"https:\/\/mirasol-centre.com\/es\/wp-json\/wp\/v2\/posts\/5567\/revisions\/5569"}],"wp:featuredmedia":[{"embeddable":true,"href":"https:\/\/mirasol-centre.com\/es\/wp-json\/wp\/v2\/media\/7267"}],"wp:attachment":[{"href":"https:\/\/mirasol-centre.com\/es\/wp-json\/wp\/v2\/media?parent=5567"}],"wp:term":[{"taxonomy":"category","embeddable":true,"href":"https:\/\/mirasol-centre.com\/es\/wp-json\/wp\/v2\/categories?post=5567"},{"taxonomy":"post_tag","embeddable":true,"href":"https:\/\/mirasol-centre.com\/es\/wp-json\/wp\/v2\/tags?post=5567"}],"curies":[{"name":"wp","href":"https:\/\/api.w.org\/{rel}","templated":true}]}}