{"id":5576,"date":"2014-12-11T00:00:00","date_gmt":"2014-12-11T00:00:00","guid":{"rendered":"http:\/\/mirasol-centre.com\/es\/el-mercat-de-mira-sol-centre-ja-esta-ocupat-en-un-100\/"},"modified":"2018-03-07T10:00:03","modified_gmt":"2018-03-07T10:00:03","slug":"el-mercat-de-mira-sol-centre-ja-esta-ocupat-en-un-100","status":"publish","type":"post","link":"https:\/\/mirasol-centre.com\/es\/el-mercat-de-mira-sol-centre-ja-esta-ocupat-en-un-100\/","title":{"rendered":"EL MERCADO DE MIRA-SOL CENTRE YA EST\u00c1 OCUPADO EN UN 100%"},"content":{"rendered":"<p>Desde el pasado mes de noviembre, y con la incorporaci\u00f3n de la parada de especialidades italianas RUEGO, el mercado de Mira-sol Centre ya est\u00e1 ocupado en su totalidad. En octubre de 2012 abri\u00f3 sus puertas el supermercado Mercadona de Mira-sol Centre. Desde entonces, y de forma progresiva, se han ido incorporando nuevas paradas en el mercado hasta que el pasado m\u00e1s noviembre inaugur\u00f3 la \u00faltima parada ocupando el \u00faltimo espacio disponible. A pesar de la coyuntura adversa, durante estos dos a\u00f1os, el mercado de Mira-sol Centre ha ido consolidando como un modelo de \u00e9xito en cuanto al comercio de proximidad. La oferta complementaria del supermercado y del mercado hacen que el p\u00fablico del entorno inmediato el considere su centro de referencia en relaci\u00f3n a sus compras cotidianas.<\/p>\n","protected":false},"excerpt":{"rendered":"<p>Desde el pasado mes de noviembre, y con la incorporaci\u00f3n de la parada de especialidades italianas RUEGO, el mercado de Mira-sol Centre ya est\u00e1 ocupado en su totalidad. En octubre [&hellip;]<\/p>\n","protected":false},"author":1,"featured_media":7266,"comment_status":"closed","ping_status":"closed","sticky":false,"template":"","format":"standard","meta":[],"categories":[116],"tags":[],"featured_image_src":{"landsacpe":["https:\/\/mirasol-centre.com\/nousite\/wp-content\/uploads\/2017\/05\/100aforament.jpg",304,166,false],"list":["https:\/\/mirasol-centre.com\/nousite\/wp-content\/uploads\/2017\/05\/100aforament.jpg",304,166,false],"medium":["https:\/\/mirasol-centre.com\/nousite\/wp-content\/uploads\/2017\/05\/100aforament-300x164.jpg",300,164,true],"full":["https:\/\/mirasol-centre.com\/nousite\/wp-content\/uploads\/2017\/05\/100aforament.jpg",304,166,false]},"_links":{"self":[{"href":"https:\/\/mirasol-centre.com\/es\/wp-json\/wp\/v2\/posts\/5576"}],"collection":[{"href":"https:\/\/mirasol-centre.com\/es\/wp-json\/wp\/v2\/posts"}],"about":[{"href":"https:\/\/mirasol-centre.com\/es\/wp-json\/wp\/v2\/types\/post"}],"author":[{"embeddable":true,"href":"https:\/\/mirasol-centre.com\/es\/wp-json\/wp\/v2\/users\/1"}],"replies":[{"embeddable":true,"href":"https:\/\/mirasol-centre.com\/es\/wp-json\/wp\/v2\/comments?post=5576"}],"version-history":[{"count":2,"href":"https:\/\/mirasol-centre.com\/es\/wp-json\/wp\/v2\/posts\/5576\/revisions"}],"predecessor-version":[{"id":5578,"href":"https:\/\/mirasol-centre.com\/es\/wp-json\/wp\/v2\/posts\/5576\/revisions\/5578"}],"wp:featuredmedia":[{"embeddable":true,"href":"https:\/\/mirasol-centre.com\/es\/wp-json\/wp\/v2\/media\/7266"}],"wp:attachment":[{"href":"https:\/\/mirasol-centre.com\/es\/wp-json\/wp\/v2\/media?parent=5576"}],"wp:term":[{"taxonomy":"category","embeddable":true,"href":"https:\/\/mirasol-centre.com\/es\/wp-json\/wp\/v2\/categories?post=5576"},{"taxonomy":"post_tag","embeddable":true,"href":"https:\/\/mirasol-centre.com\/es\/wp-json\/wp\/v2\/tags?post=5576"}],"curies":[{"name":"wp","href":"https:\/\/api.w.org\/{rel}","templated":true}]}}