{"id":5595,"date":"2015-02-04T00:00:00","date_gmt":"2015-02-04T00:00:00","guid":{"rendered":"http:\/\/mirasol-centre.com\/es\/carnaval-a-mira-sol-centre-dissabte-140215-mati\/"},"modified":"2018-03-07T10:17:12","modified_gmt":"2018-03-07T10:17:12","slug":"carnaval-a-mira-sol-centre-dissabte-140215-mati","status":"publish","type":"post","link":"https:\/\/mirasol-centre.com\/es\/carnaval-a-mira-sol-centre-dissabte-140215-mati\/","title":{"rendered":"CARNAVAL a Mira-sol Centre!!! S\u00e1bado 02\/14\/15 (ma\u00f1ana)"},"content":{"rendered":"<p><strong>Te invitamos al CARNAVAL de Mira-sol Centre que se celebrar\u00e1 el pr\u00f3ximo S\u00c1BADO 02\/14\/15 por la ma\u00f1ana frente al Mercado Municipal. Habr\u00e1 Rua de BATUKADA, Concurso de disfraces y Chocolatada para todos! Ahhh! Y premios irresistibles para los ganadores del concurso de disfraces! No te lo pierdas y ven a pasarlo bien con o sin disfraz! Te esperamos!<\/strong><\/p>\n<p><a href=\"http:\/\/www.mirasol-centre.com\/wp-content\/uploads\/2015\/02\/carnestoltes_poster2.jpg\"><img decoding=\"async\" loading=\"lazy\" class=\" wp-image-2712 alignleft\" src=\"http:\/\/www.mirasol-centre.com\/wp-content\/uploads\/2015\/02\/carnestoltes_poster2-724x1024.jpg\" alt=\"carnestoltes_poster2\" width=\"549\" height=\"777\" \/><\/a><\/p>\n","protected":false},"excerpt":{"rendered":"<p>Te invitamos al CARNAVAL de Mira-sol Centre que se celebrar\u00e1 el pr\u00f3ximo S\u00c1BADO 02\/14\/15 por la ma\u00f1ana frente al Mercado Municipal. Habr\u00e1 Rua de BATUKADA, Concurso de disfraces y Chocolatada [&hellip;]<\/p>\n","protected":false},"author":1,"featured_media":7316,"comment_status":"closed","ping_status":"closed","sticky":false,"template":"","format":"standard","meta":[],"categories":[116],"tags":[],"featured_image_src":{"landsacpe":["https:\/\/mirasol-centre.com\/nousite\/wp-content\/uploads\/2017\/05\/carnestoltes_poster2-1140x445.jpg",1140,445,true],"list":["https:\/\/mirasol-centre.com\/nousite\/wp-content\/uploads\/2017\/05\/carnestoltes_poster2-463x348.jpg",463,348,true],"medium":["https:\/\/mirasol-centre.com\/nousite\/wp-content\/uploads\/2017\/05\/carnestoltes_poster2-212x300.jpg",212,300,true],"full":["https:\/\/mirasol-centre.com\/nousite\/wp-content\/uploads\/2017\/05\/carnestoltes_poster2.jpg",2339,3308,false]},"_links":{"self":[{"href":"https:\/\/mirasol-centre.com\/es\/wp-json\/wp\/v2\/posts\/5595"}],"collection":[{"href":"https:\/\/mirasol-centre.com\/es\/wp-json\/wp\/v2\/posts"}],"about":[{"href":"https:\/\/mirasol-centre.com\/es\/wp-json\/wp\/v2\/types\/post"}],"author":[{"embeddable":true,"href":"https:\/\/mirasol-centre.com\/es\/wp-json\/wp\/v2\/users\/1"}],"replies":[{"embeddable":true,"href":"https:\/\/mirasol-centre.com\/es\/wp-json\/wp\/v2\/comments?post=5595"}],"version-history":[{"count":2,"href":"https:\/\/mirasol-centre.com\/es\/wp-json\/wp\/v2\/posts\/5595\/revisions"}],"predecessor-version":[{"id":5597,"href":"https:\/\/mirasol-centre.com\/es\/wp-json\/wp\/v2\/posts\/5595\/revisions\/5597"}],"wp:featuredmedia":[{"embeddable":true,"href":"https:\/\/mirasol-centre.com\/es\/wp-json\/wp\/v2\/media\/7316"}],"wp:attachment":[{"href":"https:\/\/mirasol-centre.com\/es\/wp-json\/wp\/v2\/media?parent=5595"}],"wp:term":[{"taxonomy":"category","embeddable":true,"href":"https:\/\/mirasol-centre.com\/es\/wp-json\/wp\/v2\/categories?post=5595"},{"taxonomy":"post_tag","embeddable":true,"href":"https:\/\/mirasol-centre.com\/es\/wp-json\/wp\/v2\/tags?post=5595"}],"curies":[{"name":"wp","href":"https:\/\/api.w.org\/{rel}","templated":true}]}}