{"id":5644,"date":"2015-06-29T00:00:00","date_gmt":"2015-06-29T00:00:00","guid":{"rendered":"http:\/\/mirasol-centre.com\/es\/gran-exit-de-la-1ra-nit-de-tapes-de-mira-sol-centre\/"},"modified":"2018-03-07T10:58:55","modified_gmt":"2018-03-07T10:58:55","slug":"gran-exit-de-la-1ra-nit-de-tapes-de-mira-sol-centre","status":"publish","type":"post","link":"https:\/\/mirasol-centre.com\/es\/gran-exit-de-la-1ra-nit-de-tapes-de-mira-sol-centre\/","title":{"rendered":"Gran \u00e9xito de la 1ra. NOCHE DE TAPAS de Mira-sol Centre!!!"},"content":{"rendered":"<section class=\"wpb-content-wrapper\"><p>[Vc_row] [vc_column] [vc_column_text] El pasado 23 de mayo Mira-sol se celebr\u00f3 la 1ra. NOCHE DE TAPAS de Mira-sol Centre, siendo esta todo un \u00e9xito !!! Tuvimos m\u00e1s de 4.000 visitas para probar las tapas que prepararon nuestras paradas y establecimientos de Mira-sol Centre, tapas exquisitas y maridadas con vinos y refrescos para deleitar a nuestros clientes. El espacio infantil que es instal\u00f3 para los m\u00e1s peque\u00f1os, la m\u00fasica en vivo, la decoraci\u00f3n inspirada por la empresa de evento MATISSE y las tapas exquisitas de los establecimientos de Mira-sol Centre, hicieron que la NOCHE DE TAPAS s\u00e9 todo un \u00e9xito !! El clientes tambi\u00e9n pudimos disfrutar de la promoci\u00f3n de obsequios y regalos que los establecimientos de Mira-sol Centre entregaron. Im\u00e1genes de la 1ra. NOCHE DE TAPAS de Mira-sol Centre [\/ vc_column_text] [vc_gallery type = \u00abimage_grid\u00bb intervalo = \u00ab3\u00bb images = \u00ab2959,2960,2961,2962,2963,2964,2965,2966,2967,2968,2969,2970 , 2971,2972,2973,2974,2975 \u00abonclick =\u00bb link_image \u00abcustom_links_target =\u00bb _ self \u00ab] [\/ vc_column] [\/ vc_row]<\/p>\n<\/section>","protected":false},"excerpt":{"rendered":"<p>[Vc_row] [vc_column] [vc_column_text] El pasado 23 de mayo Mira-sol se celebr\u00f3 la 1ra. NOCHE DE TAPAS de Mira-sol Centre, siendo esta todo un \u00e9xito !!! Tuvimos m\u00e1s de 4.000 visitas [&hellip;]<\/p>\n","protected":false},"author":1,"featured_media":7366,"comment_status":"closed","ping_status":"closed","sticky":false,"template":"","format":"standard","meta":[],"categories":[116],"tags":[],"featured_image_src":{"landsacpe":["https:\/\/mirasol-centre.com\/nousite\/wp-content\/uploads\/2017\/05\/Foto-23-5-15-20-03-21_1024px_768px-1024x445.jpg",1024,445,true],"list":["https:\/\/mirasol-centre.com\/nousite\/wp-content\/uploads\/2017\/05\/Foto-23-5-15-20-03-21_1024px_768px-463x348.jpg",463,348,true],"medium":["https:\/\/mirasol-centre.com\/nousite\/wp-content\/uploads\/2017\/05\/Foto-23-5-15-20-03-21_1024px_768px-300x225.jpg",300,225,true],"full":["https:\/\/mirasol-centre.com\/nousite\/wp-content\/uploads\/2017\/05\/Foto-23-5-15-20-03-21_1024px_768px.jpg",1024,768,false]},"_links":{"self":[{"href":"https:\/\/mirasol-centre.com\/es\/wp-json\/wp\/v2\/posts\/5644"}],"collection":[{"href":"https:\/\/mirasol-centre.com\/es\/wp-json\/wp\/v2\/posts"}],"about":[{"href":"https:\/\/mirasol-centre.com\/es\/wp-json\/wp\/v2\/types\/post"}],"author":[{"embeddable":true,"href":"https:\/\/mirasol-centre.com\/es\/wp-json\/wp\/v2\/users\/1"}],"replies":[{"embeddable":true,"href":"https:\/\/mirasol-centre.com\/es\/wp-json\/wp\/v2\/comments?post=5644"}],"version-history":[{"count":2,"href":"https:\/\/mirasol-centre.com\/es\/wp-json\/wp\/v2\/posts\/5644\/revisions"}],"predecessor-version":[{"id":5646,"href":"https:\/\/mirasol-centre.com\/es\/wp-json\/wp\/v2\/posts\/5644\/revisions\/5646"}],"wp:featuredmedia":[{"embeddable":true,"href":"https:\/\/mirasol-centre.com\/es\/wp-json\/wp\/v2\/media\/7366"}],"wp:attachment":[{"href":"https:\/\/mirasol-centre.com\/es\/wp-json\/wp\/v2\/media?parent=5644"}],"wp:term":[{"taxonomy":"category","embeddable":true,"href":"https:\/\/mirasol-centre.com\/es\/wp-json\/wp\/v2\/categories?post=5644"},{"taxonomy":"post_tag","embeddable":true,"href":"https:\/\/mirasol-centre.com\/es\/wp-json\/wp\/v2\/tags?post=5644"}],"curies":[{"name":"wp","href":"https:\/\/api.w.org\/{rel}","templated":true}]}}