{"id":5648,"date":"2015-07-01T00:00:00","date_gmt":"2015-07-01T00:00:00","guid":{"rendered":"http:\/\/mirasol-centre.com\/es\/bella-vida-un-espai-nou-per-degustar-i-gaudir-a-mira-sol-centre\/"},"modified":"2018-03-07T11:03:55","modified_gmt":"2018-03-07T11:03:55","slug":"bella-vida-un-espai-nou-per-degustar-i-gaudir-a-mira-sol-centre","status":"publish","type":"post","link":"https:\/\/mirasol-centre.com\/es\/bella-vida-un-espai-nou-per-degustar-i-gaudir-a-mira-sol-centre\/","title":{"rendered":"BELLA VIDA. Un espacio nuevo para degustar y disfrutar a Mirasol Centro."},"content":{"rendered":"<p>Mira-sol Centre dispone de un nuevo espacio de cafeter\u00eda-granja y helader\u00eda en la 1ra. Planta de la Centralidad. El pasado mes de mayo BELLA VIDA abri\u00f3 las puertas al p\u00fablico! El establecimiento est\u00e1 ubicado en la Planta 1ra de Mira-sol Centre, en la plaza central, frente a la peluquer\u00eda Espacio Mei. El establecimiento de BELLA VIDA ofrece un espacio tranquilo donde los m\u00e1s peque\u00f1os pueden disfrutar de la plaza Central de la Planta 1ra. mientras los mayores pueden deayunar, merendar, tomar el vermut, tomar helados, comprar el pan, y m\u00e1s &#8230; tanto dentro del local como la espectacular terraza exterior que dispone. Ven a probarlos !!!<\/p>\n","protected":false},"excerpt":{"rendered":"<p>Mira-sol Centre dispone de un nuevo espacio de cafeter\u00eda-granja y helader\u00eda en la 1ra. Planta de la Centralidad. El pasado mes de mayo BELLA VIDA abri\u00f3 las puertas al p\u00fablico! [&hellip;]<\/p>\n","protected":false},"author":1,"featured_media":7383,"comment_status":"closed","ping_status":"closed","sticky":false,"template":"","format":"standard","meta":[],"categories":[116],"tags":[],"featured_image_src":{"landsacpe":["https:\/\/mirasol-centre.com\/nousite\/wp-content\/uploads\/2017\/05\/Bella-Vida-cafeteria-mostra-ok.jpg",500,305,false],"list":["https:\/\/mirasol-centre.com\/nousite\/wp-content\/uploads\/2017\/05\/Bella-Vida-cafeteria-mostra-ok-463x305.jpg",463,305,true],"medium":["https:\/\/mirasol-centre.com\/nousite\/wp-content\/uploads\/2017\/05\/Bella-Vida-cafeteria-mostra-ok-300x183.jpg",300,183,true],"full":["https:\/\/mirasol-centre.com\/nousite\/wp-content\/uploads\/2017\/05\/Bella-Vida-cafeteria-mostra-ok.jpg",500,305,false]},"_links":{"self":[{"href":"https:\/\/mirasol-centre.com\/es\/wp-json\/wp\/v2\/posts\/5648"}],"collection":[{"href":"https:\/\/mirasol-centre.com\/es\/wp-json\/wp\/v2\/posts"}],"about":[{"href":"https:\/\/mirasol-centre.com\/es\/wp-json\/wp\/v2\/types\/post"}],"author":[{"embeddable":true,"href":"https:\/\/mirasol-centre.com\/es\/wp-json\/wp\/v2\/users\/1"}],"replies":[{"embeddable":true,"href":"https:\/\/mirasol-centre.com\/es\/wp-json\/wp\/v2\/comments?post=5648"}],"version-history":[{"count":2,"href":"https:\/\/mirasol-centre.com\/es\/wp-json\/wp\/v2\/posts\/5648\/revisions"}],"predecessor-version":[{"id":5650,"href":"https:\/\/mirasol-centre.com\/es\/wp-json\/wp\/v2\/posts\/5648\/revisions\/5650"}],"wp:featuredmedia":[{"embeddable":true,"href":"https:\/\/mirasol-centre.com\/es\/wp-json\/wp\/v2\/media\/7383"}],"wp:attachment":[{"href":"https:\/\/mirasol-centre.com\/es\/wp-json\/wp\/v2\/media?parent=5648"}],"wp:term":[{"taxonomy":"category","embeddable":true,"href":"https:\/\/mirasol-centre.com\/es\/wp-json\/wp\/v2\/categories?post=5648"},{"taxonomy":"post_tag","embeddable":true,"href":"https:\/\/mirasol-centre.com\/es\/wp-json\/wp\/v2\/tags?post=5648"}],"curies":[{"name":"wp","href":"https:\/\/api.w.org\/{rel}","templated":true}]}}