{"id":5652,"date":"2015-07-01T00:00:00","date_gmt":"2015-07-01T00:00:00","guid":{"rendered":"http:\/\/mirasol-centre.com\/es\/festa-major-2015-a-mira-sol-centre-per-als-mes-menuts\/"},"modified":"2018-03-07T11:07:49","modified_gmt":"2018-03-07T11:07:49","slug":"festa-major-2015-a-mira-sol-centre-per-als-mes-menuts","status":"publish","type":"post","link":"https:\/\/mirasol-centre.com\/es\/festa-major-2015-a-mira-sol-centre-per-als-mes-menuts\/","title":{"rendered":"FIESTA MAYOR 2015 en Mira-Sol Centre para los m\u00e1s peque\u00f1os!!!"},"content":{"rendered":"<p>Te invitamos a la FIESTA de Mirasol Centro para el m\u00e1s peque\u00f1os que se celebrar\u00e1 el pr\u00f3ximo S\u00c1BADO 07\/11\/15 por la ma\u00f1ana (11: 00h &#8211; 14: 00h) frente al Mercado Municipal. Habr\u00e1:<\/p>\n<ul>\n<li>Pintacaras<\/li>\n<li>Globoflexia<\/li>\n<li>Hinchables<\/li>\n<li>Rua de cornetas y tambores<\/li>\n<li>Circuito de actividades infantiles<\/li>\n<li>M\u00fasica<\/li>\n<li>Y m\u00e1s sorpresas &#8230;<\/li>\n<li>No te lo pierdas y ven a pasarlo bien! Te esperamos!<\/li>\n<\/ul>\n","protected":false},"excerpt":{"rendered":"<p>Te invitamos a la FIESTA de Mirasol Centro para el m\u00e1s peque\u00f1os que se celebrar\u00e1 el pr\u00f3ximo S\u00c1BADO 07\/11\/15 por la ma\u00f1ana (11: 00h &#8211; 14: 00h) frente al Mercado [&hellip;]<\/p>\n","protected":false},"author":1,"featured_media":7364,"comment_status":"closed","ping_status":"closed","sticky":false,"template":"","format":"standard","meta":[],"categories":[116],"tags":[],"featured_image_src":{"landsacpe":["https:\/\/mirasol-centre.com\/nousite\/wp-content\/uploads\/2017\/05\/festamajor.png",550,440,false],"list":["https:\/\/mirasol-centre.com\/nousite\/wp-content\/uploads\/2017\/05\/festamajor-463x348.png",463,348,true],"medium":["https:\/\/mirasol-centre.com\/nousite\/wp-content\/uploads\/2017\/05\/festamajor-300x240.png",300,240,true],"full":["https:\/\/mirasol-centre.com\/nousite\/wp-content\/uploads\/2017\/05\/festamajor.png",550,440,false]},"_links":{"self":[{"href":"https:\/\/mirasol-centre.com\/es\/wp-json\/wp\/v2\/posts\/5652"}],"collection":[{"href":"https:\/\/mirasol-centre.com\/es\/wp-json\/wp\/v2\/posts"}],"about":[{"href":"https:\/\/mirasol-centre.com\/es\/wp-json\/wp\/v2\/types\/post"}],"author":[{"embeddable":true,"href":"https:\/\/mirasol-centre.com\/es\/wp-json\/wp\/v2\/users\/1"}],"replies":[{"embeddable":true,"href":"https:\/\/mirasol-centre.com\/es\/wp-json\/wp\/v2\/comments?post=5652"}],"version-history":[{"count":2,"href":"https:\/\/mirasol-centre.com\/es\/wp-json\/wp\/v2\/posts\/5652\/revisions"}],"predecessor-version":[{"id":5654,"href":"https:\/\/mirasol-centre.com\/es\/wp-json\/wp\/v2\/posts\/5652\/revisions\/5654"}],"wp:featuredmedia":[{"embeddable":true,"href":"https:\/\/mirasol-centre.com\/es\/wp-json\/wp\/v2\/media\/7364"}],"wp:attachment":[{"href":"https:\/\/mirasol-centre.com\/es\/wp-json\/wp\/v2\/media?parent=5652"}],"wp:term":[{"taxonomy":"category","embeddable":true,"href":"https:\/\/mirasol-centre.com\/es\/wp-json\/wp\/v2\/categories?post=5652"},{"taxonomy":"post_tag","embeddable":true,"href":"https:\/\/mirasol-centre.com\/es\/wp-json\/wp\/v2\/tags?post=5652"}],"curies":[{"name":"wp","href":"https:\/\/api.w.org\/{rel}","templated":true}]}}