{"id":5678,"date":"2015-11-08T00:00:00","date_gmt":"2015-11-08T00:00:00","guid":{"rendered":"http:\/\/mirasol-centre.com\/es\/gran-exit-tambe-de-la-2na-nit-de-tapes-de-mira-sol-centre\/"},"modified":"2018-03-07T11:27:10","modified_gmt":"2018-03-07T11:27:10","slug":"gran-exit-tambe-de-la-2na-nit-de-tapes-de-mira-sol-centre","status":"publish","type":"post","link":"https:\/\/mirasol-centre.com\/es\/gran-exit-tambe-de-la-2na-nit-de-tapes-de-mira-sol-centre\/","title":{"rendered":"Gran \u00e9xito tambi\u00e9n de la 2da. NOCHE DE TAPAS de Mirasol Centro!!!"},"content":{"rendered":"<section class=\"wpb-content-wrapper\"><p>[Vc_row] [vc_column] [vc_column_text] El pasado 26 de septiembre en Mira-sol se celebr\u00f3 la 2\u00aa. NOCHE DE TAPAS de Mira-sol Centre, volviendo a ser todo un \u00e9xito !!! El clientes pudimos disfrutar de nuevo de la promoci\u00f3n de obsequios y regalos que los establecimientos de Mira-sol Centre entregaron, as\u00ed como de las tapas exquisitas de los establecimientos de Mira-sol Centre, que hicieron que la NOCHE DE TAPAS s\u00e9 todo un \u00e9xito !! Im\u00e1genes de la 2da. NOCHE DE TAPAS de Mira-sol Centre [\/ vc_column_text] [vc_gallery type = \u00abimage_grid\u00bb images = \u00ab3104,3103,3102,3101,3100,3099,3098,3097,3089,3090,3091,3092,3093,3094, 3095,3096,3088,3087,3086,3084,3085,3083,3082,3081,3080,3079,3078,3077,3076,3075 \u00ab] [\/ vc_column] [\/ vc_row]<\/p>\n<\/section>","protected":false},"excerpt":{"rendered":"<p>[Vc_row] [vc_column] [vc_column_text] El pasado 26 de septiembre en Mira-sol se celebr\u00f3 la 2\u00aa. NOCHE DE TAPAS de Mira-sol Centre, volviendo a ser todo un \u00e9xito !!! El clientes pudimos [&hellip;]<\/p>\n","protected":false},"author":1,"featured_media":7392,"comment_status":"closed","ping_status":"closed","sticky":false,"template":"","format":"standard","meta":[],"categories":[116],"tags":[],"featured_image_src":{"landsacpe":["https:\/\/mirasol-centre.com\/nousite\/wp-content\/uploads\/2017\/05\/IMG_5605-800x445.jpg",800,445,true],"list":["https:\/\/mirasol-centre.com\/nousite\/wp-content\/uploads\/2017\/05\/IMG_5605-463x348.jpg",463,348,true],"medium":["https:\/\/mirasol-centre.com\/nousite\/wp-content\/uploads\/2017\/05\/IMG_5605-300x200.jpg",300,200,true],"full":["https:\/\/mirasol-centre.com\/nousite\/wp-content\/uploads\/2017\/05\/IMG_5605.jpg",800,534,false]},"_links":{"self":[{"href":"https:\/\/mirasol-centre.com\/es\/wp-json\/wp\/v2\/posts\/5678"}],"collection":[{"href":"https:\/\/mirasol-centre.com\/es\/wp-json\/wp\/v2\/posts"}],"about":[{"href":"https:\/\/mirasol-centre.com\/es\/wp-json\/wp\/v2\/types\/post"}],"author":[{"embeddable":true,"href":"https:\/\/mirasol-centre.com\/es\/wp-json\/wp\/v2\/users\/1"}],"replies":[{"embeddable":true,"href":"https:\/\/mirasol-centre.com\/es\/wp-json\/wp\/v2\/comments?post=5678"}],"version-history":[{"count":2,"href":"https:\/\/mirasol-centre.com\/es\/wp-json\/wp\/v2\/posts\/5678\/revisions"}],"predecessor-version":[{"id":5680,"href":"https:\/\/mirasol-centre.com\/es\/wp-json\/wp\/v2\/posts\/5678\/revisions\/5680"}],"wp:featuredmedia":[{"embeddable":true,"href":"https:\/\/mirasol-centre.com\/es\/wp-json\/wp\/v2\/media\/7392"}],"wp:attachment":[{"href":"https:\/\/mirasol-centre.com\/es\/wp-json\/wp\/v2\/media?parent=5678"}],"wp:term":[{"taxonomy":"category","embeddable":true,"href":"https:\/\/mirasol-centre.com\/es\/wp-json\/wp\/v2\/categories?post=5678"},{"taxonomy":"post_tag","embeddable":true,"href":"https:\/\/mirasol-centre.com\/es\/wp-json\/wp\/v2\/tags?post=5678"}],"curies":[{"name":"wp","href":"https:\/\/api.w.org\/{rel}","templated":true}]}}