{"id":5692,"date":"2015-12-02T00:00:00","date_gmt":"2015-12-02T00:00:00","guid":{"rendered":"http:\/\/mirasol-centre.com\/es\/com-a-casa-la-nova-fleca-degustacio-cafeteria-de-mira-sol-centre\/"},"modified":"2018-03-08T12:02:59","modified_gmt":"2018-03-08T12:02:59","slug":"com-a-casa-la-nova-fleca-degustacio-cafeteria-de-mira-sol-centre","status":"publish","type":"post","link":"https:\/\/mirasol-centre.com\/es\/com-a-casa-la-nova-fleca-degustacio-cafeteria-de-mira-sol-centre\/","title":{"rendered":"COM A CASA. La nueva Panader\u00eda-degustaci\u00f3n Cafeter\u00eda de Mira-sol Centre."},"content":{"rendered":"<p>Ven a la inauguraci\u00f3n de COM A CASA del pr\u00f3ximo S\u00e1bado, 12\/05\/15 a las 12: 00h. Habr\u00e1 chocolatada y la actuaci\u00f3n de los FALCONS DE VILANOVA D&#8217;ESPOI\u00c0. Mira-sol Centre abre un nuevo espacio de panader\u00eda-degustaci\u00f3n Cafeter\u00eda en la 1ra. Planta de la Centralidad. El establecimiento est\u00e1 ubicado en la Planta 1ra de Mira-sol Centre, en la plaza central, frente a la peluquer\u00eda Espai M\u00e8i. El establecimiento COM A CASA ofrece un espacio tranquilo donde los m\u00e1s peque\u00f1os pueden disfrutar de la plaza Central de la Planta 1ra. mientras el mayor pueden disfrutar del servicio de cafeter\u00eda y PANADER\u00cdA-DEGUSTACI\u00d3N. COM A CASA tambi\u00e9n elaborar\u00e1 postres caseros. Te esperamos!<\/p>\n<p><a href=\"http:\/\/www.mirasol-centre.com\/wp-content\/uploads\/2015\/12\/cartel.jpg\"><img decoding=\"async\" loading=\"lazy\" class=\"aligncenter size-full wp-image-3189\" src=\"http:\/\/www.mirasol-centre.com\/wp-content\/uploads\/2015\/12\/cartel.jpg\" alt=\"cartel\" width=\"403\" height=\"593\" \/><\/a><\/p>\n","protected":false},"excerpt":{"rendered":"<p>Ven a la inauguraci\u00f3n de COM A CASA del pr\u00f3ximo S\u00e1bado, 12\/05\/15 a las 12: 00h. Habr\u00e1 chocolatada y la actuaci\u00f3n de los FALCONS DE VILANOVA D&#8217;ESPOI\u00c0. Mira-sol Centre abre [&hellip;]<\/p>\n","protected":false},"author":1,"featured_media":7432,"comment_status":"closed","ping_status":"closed","sticky":false,"template":"","format":"standard","meta":[],"categories":[116],"tags":[],"featured_image_src":{"landsacpe":["https:\/\/mirasol-centre.com\/nousite\/wp-content\/uploads\/2017\/05\/com-a-casa.jpg",397,238,false],"list":["https:\/\/mirasol-centre.com\/nousite\/wp-content\/uploads\/2017\/05\/com-a-casa.jpg",397,238,false],"medium":["https:\/\/mirasol-centre.com\/nousite\/wp-content\/uploads\/2017\/05\/com-a-casa-300x180.jpg",300,180,true],"full":["https:\/\/mirasol-centre.com\/nousite\/wp-content\/uploads\/2017\/05\/com-a-casa.jpg",397,238,false]},"_links":{"self":[{"href":"https:\/\/mirasol-centre.com\/es\/wp-json\/wp\/v2\/posts\/5692"}],"collection":[{"href":"https:\/\/mirasol-centre.com\/es\/wp-json\/wp\/v2\/posts"}],"about":[{"href":"https:\/\/mirasol-centre.com\/es\/wp-json\/wp\/v2\/types\/post"}],"author":[{"embeddable":true,"href":"https:\/\/mirasol-centre.com\/es\/wp-json\/wp\/v2\/users\/1"}],"replies":[{"embeddable":true,"href":"https:\/\/mirasol-centre.com\/es\/wp-json\/wp\/v2\/comments?post=5692"}],"version-history":[{"count":3,"href":"https:\/\/mirasol-centre.com\/es\/wp-json\/wp\/v2\/posts\/5692\/revisions"}],"predecessor-version":[{"id":5695,"href":"https:\/\/mirasol-centre.com\/es\/wp-json\/wp\/v2\/posts\/5692\/revisions\/5695"}],"wp:featuredmedia":[{"embeddable":true,"href":"https:\/\/mirasol-centre.com\/es\/wp-json\/wp\/v2\/media\/7432"}],"wp:attachment":[{"href":"https:\/\/mirasol-centre.com\/es\/wp-json\/wp\/v2\/media?parent=5692"}],"wp:term":[{"taxonomy":"category","embeddable":true,"href":"https:\/\/mirasol-centre.com\/es\/wp-json\/wp\/v2\/categories?post=5692"},{"taxonomy":"post_tag","embeddable":true,"href":"https:\/\/mirasol-centre.com\/es\/wp-json\/wp\/v2\/tags?post=5692"}],"curies":[{"name":"wp","href":"https:\/\/api.w.org\/{rel}","templated":true}]}}