{"id":5712,"date":"2015-12-24T00:00:00","date_gmt":"2015-12-24T00:00:00","guid":{"rendered":"http:\/\/mirasol-centre.com\/es\/monica-pastor-sendu-la-panera-de-mira-sol-centre\/"},"modified":"2018-03-08T20:50:34","modified_gmt":"2018-03-08T20:50:34","slug":"monica-pastor-sendu-la-panera-de-mira-sol-centre","status":"publish","type":"post","link":"https:\/\/mirasol-centre.com\/es\/monica-pastor-sendu-la-panera-de-mira-sol-centre\/","title":{"rendered":"\u00a1M\u00f2nica Pastor se lleva la PANERA de Mira-sol Centre!"},"content":{"rendered":"<p>Mira-sol Centre y el TOT, ha entregado, este mi\u00e9rcoles 23 de diciembre por la noche, la PANERA NAVIDE\u00d1A sorteada a M\u00f3nica Pastor. La santcugatenca, vecina de Mas Janer y clienta de Mira-sol Centre, ha sido la afortunada de entre los 160 participantes. En la PANERA hab\u00eda productos excelentes y exquisitos de los establecimientos y paradas de la Centralidad de Mira-sol Centre, anunciados en el suplemento \u00abPrepara la Navidad en el Mira-Sol Centre\u00bb del TOT. Enhorabuena M\u00f2nica! IMG_6363IMG_6365_1 &amp; nbsp;<\/p>\n","protected":false},"excerpt":{"rendered":"<p>Mira-sol Centre y el TOT, ha entregado, este mi\u00e9rcoles 23 de diciembre por la noche, la PANERA NAVIDE\u00d1A sorteada a M\u00f3nica Pastor. La santcugatenca, vecina de Mas Janer y clienta [&hellip;]<\/p>\n","protected":false},"author":1,"featured_media":7437,"comment_status":"closed","ping_status":"closed","sticky":false,"template":"","format":"standard","meta":[],"categories":[116],"tags":[],"featured_image_src":{"landsacpe":["https:\/\/mirasol-centre.com\/nousite\/wp-content\/uploads\/2017\/05\/IMG-20151223-WA0006-1140x445.jpg",1140,445,true],"list":["https:\/\/mirasol-centre.com\/nousite\/wp-content\/uploads\/2017\/05\/IMG-20151223-WA0006-463x348.jpg",463,348,true],"medium":["https:\/\/mirasol-centre.com\/nousite\/wp-content\/uploads\/2017\/05\/IMG-20151223-WA0006-300x225.jpg",300,225,true],"full":["https:\/\/mirasol-centre.com\/nousite\/wp-content\/uploads\/2017\/05\/IMG-20151223-WA0006.jpg",1600,1200,false]},"_links":{"self":[{"href":"https:\/\/mirasol-centre.com\/es\/wp-json\/wp\/v2\/posts\/5712"}],"collection":[{"href":"https:\/\/mirasol-centre.com\/es\/wp-json\/wp\/v2\/posts"}],"about":[{"href":"https:\/\/mirasol-centre.com\/es\/wp-json\/wp\/v2\/types\/post"}],"author":[{"embeddable":true,"href":"https:\/\/mirasol-centre.com\/es\/wp-json\/wp\/v2\/users\/1"}],"replies":[{"embeddable":true,"href":"https:\/\/mirasol-centre.com\/es\/wp-json\/wp\/v2\/comments?post=5712"}],"version-history":[{"count":2,"href":"https:\/\/mirasol-centre.com\/es\/wp-json\/wp\/v2\/posts\/5712\/revisions"}],"predecessor-version":[{"id":5714,"href":"https:\/\/mirasol-centre.com\/es\/wp-json\/wp\/v2\/posts\/5712\/revisions\/5714"}],"wp:featuredmedia":[{"embeddable":true,"href":"https:\/\/mirasol-centre.com\/es\/wp-json\/wp\/v2\/media\/7437"}],"wp:attachment":[{"href":"https:\/\/mirasol-centre.com\/es\/wp-json\/wp\/v2\/media?parent=5712"}],"wp:term":[{"taxonomy":"category","embeddable":true,"href":"https:\/\/mirasol-centre.com\/es\/wp-json\/wp\/v2\/categories?post=5712"},{"taxonomy":"post_tag","embeddable":true,"href":"https:\/\/mirasol-centre.com\/es\/wp-json\/wp\/v2\/tags?post=5712"}],"curies":[{"name":"wp","href":"https:\/\/api.w.org\/{rel}","templated":true}]}}