{"id":5747,"date":"2016-04-12T00:00:00","date_gmt":"2016-04-12T00:00:00","guid":{"rendered":"http:\/\/mirasol-centre.com\/es\/inscripcions-taller-qui-passeja-a-qui-dissabte-16-abril-1130\/"},"modified":"2018-03-08T21:11:21","modified_gmt":"2018-03-08T21:11:21","slug":"inscripcions-taller-qui-passeja-a-qui-dissabte-16-abril-1130","status":"publish","type":"post","link":"https:\/\/mirasol-centre.com\/es\/inscripcions-taller-qui-passeja-a-qui-dissabte-16-abril-1130\/","title":{"rendered":"Inscripciones Taller Qui\u00e9n Pasea A Quien &#8211; S\u00e1bado, 16 de abril a las 11:30"},"content":{"rendered":"<p>Inscripciones Taller Qui\u00e9n Pasea A Quien &#8211; S\u00e1bado, 16 de abril 11:30<\/p>\n<p><a href=\"http:\/\/www.mirasol-centre.com\/wp-content\/uploads\/2016\/04\/edukao_quien_pasea_quien_mirasol_abril_2016_g.jpg\"><img decoding=\"async\" loading=\"lazy\" class=\"aligncenter size-full wp-image-3427\" src=\"http:\/\/www.mirasol-centre.com\/wp-content\/uploads\/2016\/04\/edukao_quien_pasea_quien_mirasol_abril_2016_g.jpg\" alt=\"edukao_quien_pasea_quien_mirasol_abril_2016_g\" width=\"666\" height=\"933\" \/><\/a><\/p>\n","protected":false},"excerpt":{"rendered":"<p>Inscripciones Taller Qui\u00e9n Pasea A Quien &#8211; S\u00e1bado, 16 de abril 11:30<\/p>\n","protected":false},"author":1,"featured_media":7481,"comment_status":"closed","ping_status":"closed","sticky":false,"template":"","format":"standard","meta":[],"categories":[116],"tags":[],"featured_image_src":{"landsacpe":["https:\/\/mirasol-centre.com\/nousite\/wp-content\/uploads\/2017\/05\/edukao_quien_pasea_quien_mirasol_abril_2016_g-666x445.jpg",666,445,true],"list":["https:\/\/mirasol-centre.com\/nousite\/wp-content\/uploads\/2017\/05\/edukao_quien_pasea_quien_mirasol_abril_2016_g-463x348.jpg",463,348,true],"medium":["https:\/\/mirasol-centre.com\/nousite\/wp-content\/uploads\/2017\/05\/edukao_quien_pasea_quien_mirasol_abril_2016_g-214x300.jpg",214,300,true],"full":["https:\/\/mirasol-centre.com\/nousite\/wp-content\/uploads\/2017\/05\/edukao_quien_pasea_quien_mirasol_abril_2016_g.jpg",666,933,false]},"_links":{"self":[{"href":"https:\/\/mirasol-centre.com\/es\/wp-json\/wp\/v2\/posts\/5747"}],"collection":[{"href":"https:\/\/mirasol-centre.com\/es\/wp-json\/wp\/v2\/posts"}],"about":[{"href":"https:\/\/mirasol-centre.com\/es\/wp-json\/wp\/v2\/types\/post"}],"author":[{"embeddable":true,"href":"https:\/\/mirasol-centre.com\/es\/wp-json\/wp\/v2\/users\/1"}],"replies":[{"embeddable":true,"href":"https:\/\/mirasol-centre.com\/es\/wp-json\/wp\/v2\/comments?post=5747"}],"version-history":[{"count":1,"href":"https:\/\/mirasol-centre.com\/es\/wp-json\/wp\/v2\/posts\/5747\/revisions"}],"predecessor-version":[{"id":5748,"href":"https:\/\/mirasol-centre.com\/es\/wp-json\/wp\/v2\/posts\/5747\/revisions\/5748"}],"wp:featuredmedia":[{"embeddable":true,"href":"https:\/\/mirasol-centre.com\/es\/wp-json\/wp\/v2\/media\/7481"}],"wp:attachment":[{"href":"https:\/\/mirasol-centre.com\/es\/wp-json\/wp\/v2\/media?parent=5747"}],"wp:term":[{"taxonomy":"category","embeddable":true,"href":"https:\/\/mirasol-centre.com\/es\/wp-json\/wp\/v2\/categories?post=5747"},{"taxonomy":"post_tag","embeddable":true,"href":"https:\/\/mirasol-centre.com\/es\/wp-json\/wp\/v2\/tags?post=5747"}],"curies":[{"name":"wp","href":"https:\/\/api.w.org\/{rel}","templated":true}]}}