{"id":5852,"date":"2017-10-02T13:31:42","date_gmt":"2017-10-02T13:31:42","guid":{"rendered":"http:\/\/mirasol-centre.com\/es\/comunicat-aturada-civica-031017\/"},"modified":"2018-03-08T22:11:57","modified_gmt":"2018-03-08T22:11:57","slug":"comunicat-aturada-civica-031017","status":"publish","type":"post","link":"https:\/\/mirasol-centre.com\/es\/comunicat-aturada-civica-031017\/","title":{"rendered":"COMUNICADO: VAGA 03\/10\/17"},"content":{"rendered":"<p>&nbsp;<\/p>\n<p>El Martes 03\/10\/17 Mira-sol Centre permanecer\u00e1 cerrado.<\/p>\n<p>Se adhiere a la Parada C\u00edvica del pa\u00eds convocada por sindicatos, entidades e instituciones en respuesta de la vulneraci\u00f3n de los derechos fundamentales y los hechos violentos ocurridos ayer en Catalu\u00f1a.<\/p>\n","protected":false},"excerpt":{"rendered":"<p>&nbsp; El Martes 03\/10\/17 Mira-sol Centre permanecer\u00e1 cerrado. Se adhiere a la Parada C\u00edvica del pa\u00eds convocada por sindicatos, entidades e instituciones en respuesta de la vulneraci\u00f3n de los derechos [&hellip;]<\/p>\n","protected":false},"author":3,"featured_media":7780,"comment_status":"open","ping_status":"open","sticky":false,"template":"","format":"standard","meta":[],"categories":[116],"tags":[],"featured_image_src":{"landsacpe":["https:\/\/mirasol-centre.com\/nousite\/wp-content\/uploads\/2017\/10\/comunicat-940x445.jpg",940,445,true],"list":["https:\/\/mirasol-centre.com\/nousite\/wp-content\/uploads\/2017\/10\/comunicat-463x348.jpg",463,348,true],"medium":["https:\/\/mirasol-centre.com\/nousite\/wp-content\/uploads\/2017\/10\/comunicat-300x169.jpg",300,169,true],"full":["https:\/\/mirasol-centre.com\/nousite\/wp-content\/uploads\/2017\/10\/comunicat.jpg",940,529,false]},"_links":{"self":[{"href":"https:\/\/mirasol-centre.com\/es\/wp-json\/wp\/v2\/posts\/5852"}],"collection":[{"href":"https:\/\/mirasol-centre.com\/es\/wp-json\/wp\/v2\/posts"}],"about":[{"href":"https:\/\/mirasol-centre.com\/es\/wp-json\/wp\/v2\/types\/post"}],"author":[{"embeddable":true,"href":"https:\/\/mirasol-centre.com\/es\/wp-json\/wp\/v2\/users\/3"}],"replies":[{"embeddable":true,"href":"https:\/\/mirasol-centre.com\/es\/wp-json\/wp\/v2\/comments?post=5852"}],"version-history":[{"count":2,"href":"https:\/\/mirasol-centre.com\/es\/wp-json\/wp\/v2\/posts\/5852\/revisions"}],"predecessor-version":[{"id":5854,"href":"https:\/\/mirasol-centre.com\/es\/wp-json\/wp\/v2\/posts\/5852\/revisions\/5854"}],"wp:featuredmedia":[{"embeddable":true,"href":"https:\/\/mirasol-centre.com\/es\/wp-json\/wp\/v2\/media\/7780"}],"wp:attachment":[{"href":"https:\/\/mirasol-centre.com\/es\/wp-json\/wp\/v2\/media?parent=5852"}],"wp:term":[{"taxonomy":"category","embeddable":true,"href":"https:\/\/mirasol-centre.com\/es\/wp-json\/wp\/v2\/categories?post=5852"},{"taxonomy":"post_tag","embeddable":true,"href":"https:\/\/mirasol-centre.com\/es\/wp-json\/wp\/v2\/tags?post=5852"}],"curies":[{"name":"wp","href":"https:\/\/api.w.org\/{rel}","templated":true}]}}