{"id":5868,"date":"2017-10-20T06:26:32","date_gmt":"2017-10-20T06:26:32","guid":{"rendered":"http:\/\/mirasol-centre.com\/es\/recullida-daliments-el-dissabte-21-doctubre\/"},"modified":"2018-03-08T22:21:28","modified_gmt":"2018-03-08T22:21:28","slug":"recullida-daliments-el-dissabte-21-doctubre","status":"publish","type":"post","link":"https:\/\/mirasol-centre.com\/es\/recullida-daliments-el-dissabte-21-doctubre\/","title":{"rendered":"Recogida de alimentos el s\u00e1bado 21 de Octubre"},"content":{"rendered":"<p>Hace m\u00e1s de 40 a\u00f1os que C\u00e1ritas lucha en contra la pobreza y la exclusi\u00f3n social.<br \/>\n\u00a1Desde Mira-sol Centre tambi\u00e9n podemos poner nuestro grano de arena ma\u00f1ana, s\u00e1bado, participando en la recogida de alimentos!<br \/>\nCon una peque\u00f1a aportaci\u00f3n ya ayudamos a muchas personas.<\/p>\n","protected":false},"excerpt":{"rendered":"<p>Hace m\u00e1s de 40 a\u00f1os que C\u00e1ritas lucha en contra la pobreza y la exclusi\u00f3n social. \u00a1Desde Mira-sol Centre tambi\u00e9n podemos poner nuestro grano de arena ma\u00f1ana, s\u00e1bado, participando en [&hellip;]<\/p>\n","protected":false},"author":3,"featured_media":7790,"comment_status":"open","ping_status":"open","sticky":false,"template":"","format":"standard","meta":[],"categories":[116],"tags":[],"featured_image_src":{"landsacpe":["https:\/\/mirasol-centre.com\/nousite\/wp-content\/uploads\/2017\/10\/20130109-180837-1024x445.jpg",1024,445,true],"list":["https:\/\/mirasol-centre.com\/nousite\/wp-content\/uploads\/2017\/10\/20130109-180837-463x348.jpg",463,348,true],"medium":["https:\/\/mirasol-centre.com\/nousite\/wp-content\/uploads\/2017\/10\/20130109-180837-300x229.jpg",300,229,true],"full":["https:\/\/mirasol-centre.com\/nousite\/wp-content\/uploads\/2017\/10\/20130109-180837.jpg",1024,780,false]},"_links":{"self":[{"href":"https:\/\/mirasol-centre.com\/es\/wp-json\/wp\/v2\/posts\/5868"}],"collection":[{"href":"https:\/\/mirasol-centre.com\/es\/wp-json\/wp\/v2\/posts"}],"about":[{"href":"https:\/\/mirasol-centre.com\/es\/wp-json\/wp\/v2\/types\/post"}],"author":[{"embeddable":true,"href":"https:\/\/mirasol-centre.com\/es\/wp-json\/wp\/v2\/users\/3"}],"replies":[{"embeddable":true,"href":"https:\/\/mirasol-centre.com\/es\/wp-json\/wp\/v2\/comments?post=5868"}],"version-history":[{"count":2,"href":"https:\/\/mirasol-centre.com\/es\/wp-json\/wp\/v2\/posts\/5868\/revisions"}],"predecessor-version":[{"id":5870,"href":"https:\/\/mirasol-centre.com\/es\/wp-json\/wp\/v2\/posts\/5868\/revisions\/5870"}],"wp:featuredmedia":[{"embeddable":true,"href":"https:\/\/mirasol-centre.com\/es\/wp-json\/wp\/v2\/media\/7790"}],"wp:attachment":[{"href":"https:\/\/mirasol-centre.com\/es\/wp-json\/wp\/v2\/media?parent=5868"}],"wp:term":[{"taxonomy":"category","embeddable":true,"href":"https:\/\/mirasol-centre.com\/es\/wp-json\/wp\/v2\/categories?post=5868"},{"taxonomy":"post_tag","embeddable":true,"href":"https:\/\/mirasol-centre.com\/es\/wp-json\/wp\/v2\/tags?post=5868"}],"curies":[{"name":"wp","href":"https:\/\/api.w.org\/{rel}","templated":true}]}}