{"id":5876,"date":"2017-11-14T10:09:17","date_gmt":"2017-11-14T10:09:17","guid":{"rendered":"http:\/\/mirasol-centre.com\/es\/taller-qui-passeja-a-qui-de-don-canino-dissabte-18-de-novembre\/"},"modified":"2018-03-08T22:26:00","modified_gmt":"2018-03-08T22:26:00","slug":"taller-qui-passeja-a-qui-de-don-canino-dissabte-18-de-novembre","status":"publish","type":"post","link":"https:\/\/mirasol-centre.com\/es\/taller-qui-passeja-a-qui-de-don-canino-dissabte-18-de-novembre\/","title":{"rendered":"Taller Qui\u00e9n pasea a qui\u00e9n? de Don Canino el s\u00e1bado 18 de noviembre"},"content":{"rendered":"<p>&nbsp;<\/p>\n<p>Este s\u00e1bado, 18 de noviembre, disfruta del Taller \u00ab\u00bfQui\u00e9n pasea a quien\u00bb de Don Canino en Mira-sol Centre.<\/p>\n<p>Hay que inscribirse en el siguiente enlace:<\/p>\n<p><img decoding=\"async\" loading=\"lazy\" class=\"size-medium wp-image-5418 alignleft\" src=\"http:\/\/mirasol-centre.com\/nousite\/wp-content\/uploads\/2017\/11\/29_cartel_edukao_quien_pasea_mirasol_noviembre_2017-212x300.jpg\" alt=\"\" width=\"212\" height=\"300\" \/><\/p>\n","protected":false},"excerpt":{"rendered":"<p>&nbsp; Este s\u00e1bado, 18 de noviembre, disfruta del Taller \u00ab\u00bfQui\u00e9n pasea a quien\u00bb de Don Canino en Mira-sol Centre. Hay que inscribirse en el siguiente enlace:<\/p>\n","protected":false},"author":3,"featured_media":7792,"comment_status":"open","ping_status":"open","sticky":false,"template":"","format":"standard","meta":[],"categories":[116],"tags":[],"featured_image_src":{"landsacpe":["https:\/\/mirasol-centre.com\/nousite\/wp-content\/uploads\/2017\/11\/29_cartel_edukao_quien_pasea_mirasol_noviembre_2017-849x445.jpg",849,445,true],"list":["https:\/\/mirasol-centre.com\/nousite\/wp-content\/uploads\/2017\/11\/29_cartel_edukao_quien_pasea_mirasol_noviembre_2017-463x348.jpg",463,348,true],"medium":["https:\/\/mirasol-centre.com\/nousite\/wp-content\/uploads\/2017\/11\/29_cartel_edukao_quien_pasea_mirasol_noviembre_2017-212x300.jpg",212,300,true],"full":["https:\/\/mirasol-centre.com\/nousite\/wp-content\/uploads\/2017\/11\/29_cartel_edukao_quien_pasea_mirasol_noviembre_2017.jpg",849,1200,false]},"_links":{"self":[{"href":"https:\/\/mirasol-centre.com\/es\/wp-json\/wp\/v2\/posts\/5876"}],"collection":[{"href":"https:\/\/mirasol-centre.com\/es\/wp-json\/wp\/v2\/posts"}],"about":[{"href":"https:\/\/mirasol-centre.com\/es\/wp-json\/wp\/v2\/types\/post"}],"author":[{"embeddable":true,"href":"https:\/\/mirasol-centre.com\/es\/wp-json\/wp\/v2\/users\/3"}],"replies":[{"embeddable":true,"href":"https:\/\/mirasol-centre.com\/es\/wp-json\/wp\/v2\/comments?post=5876"}],"version-history":[{"count":2,"href":"https:\/\/mirasol-centre.com\/es\/wp-json\/wp\/v2\/posts\/5876\/revisions"}],"predecessor-version":[{"id":5878,"href":"https:\/\/mirasol-centre.com\/es\/wp-json\/wp\/v2\/posts\/5876\/revisions\/5878"}],"wp:featuredmedia":[{"embeddable":true,"href":"https:\/\/mirasol-centre.com\/es\/wp-json\/wp\/v2\/media\/7792"}],"wp:attachment":[{"href":"https:\/\/mirasol-centre.com\/es\/wp-json\/wp\/v2\/media?parent=5876"}],"wp:term":[{"taxonomy":"category","embeddable":true,"href":"https:\/\/mirasol-centre.com\/es\/wp-json\/wp\/v2\/categories?post=5876"},{"taxonomy":"post_tag","embeddable":true,"href":"https:\/\/mirasol-centre.com\/es\/wp-json\/wp\/v2\/tags?post=5876"}],"curies":[{"name":"wp","href":"https:\/\/api.w.org\/{rel}","templated":true}]}}