{"id":5883,"date":"2017-11-29T07:31:48","date_gmt":"2017-11-29T07:31:48","guid":{"rendered":"http:\/\/mirasol-centre.com\/es\/inauguracio-pastisseria-verdi\/"},"modified":"2018-03-08T22:29:26","modified_gmt":"2018-03-08T22:29:26","slug":"inauguracio-pastisseria-verdi","status":"publish","type":"post","link":"https:\/\/mirasol-centre.com\/es\/inauguracio-pastisseria-verdi\/","title":{"rendered":"Inauguraci\u00f3n pasteler\u00eda Verdi"},"content":{"rendered":"<p>&nbsp;<\/p>\n<p>Este lunes, 4 de diciembre, inauguramos un nuevo local en Mira-sol Centre: La pasteler\u00eda Verdi.<br \/>\nSer\u00e1 una pasteler\u00eda con degustaci\u00f3n que podr\u00e1 disfrutar a partir del martes 5 de diciembre.<\/p>\n<p>La inauguraci\u00f3n comenzar\u00e1 a las 17: 00h y habr\u00e1 una cata de turrones acompa\u00f1ado de una copa de cava.<\/p>\n<p>\u00a1Os esperamos!<\/p>\n<p><img decoding=\"async\" loading=\"lazy\" class=\"alignnone size-medium wp-image-5444\" src=\"http:\/\/mirasol-centre.com\/nousite\/wp-content\/uploads\/2017\/11\/A6-inauguracio-210x300.jpg\" alt=\"\" width=\"210\" height=\"300\" \/><\/p>\n","protected":false},"excerpt":{"rendered":"<p>&nbsp; Este lunes, 4 de diciembre, inauguramos un nuevo local en Mira-sol Centre: La pasteler\u00eda Verdi. Ser\u00e1 una pasteler\u00eda con degustaci\u00f3n que podr\u00e1 disfrutar a partir del martes 5 de [&hellip;]<\/p>\n","protected":false},"author":3,"featured_media":7798,"comment_status":"open","ping_status":"open","sticky":false,"template":"","format":"standard","meta":[],"categories":[116],"tags":[],"featured_image_src":{"landsacpe":["https:\/\/mirasol-centre.com\/nousite\/wp-content\/uploads\/2017\/11\/banners_verdi-1140x445.jpg",1140,445,true],"list":["https:\/\/mirasol-centre.com\/nousite\/wp-content\/uploads\/2017\/11\/banners_verdi-463x348.jpg",463,348,true],"medium":["https:\/\/mirasol-centre.com\/nousite\/wp-content\/uploads\/2017\/11\/banners_verdi-300x84.jpg",300,84,true],"full":["https:\/\/mirasol-centre.com\/nousite\/wp-content\/uploads\/2017\/11\/banners_verdi.jpg",1920,540,false]},"_links":{"self":[{"href":"https:\/\/mirasol-centre.com\/es\/wp-json\/wp\/v2\/posts\/5883"}],"collection":[{"href":"https:\/\/mirasol-centre.com\/es\/wp-json\/wp\/v2\/posts"}],"about":[{"href":"https:\/\/mirasol-centre.com\/es\/wp-json\/wp\/v2\/types\/post"}],"author":[{"embeddable":true,"href":"https:\/\/mirasol-centre.com\/es\/wp-json\/wp\/v2\/users\/3"}],"replies":[{"embeddable":true,"href":"https:\/\/mirasol-centre.com\/es\/wp-json\/wp\/v2\/comments?post=5883"}],"version-history":[{"count":2,"href":"https:\/\/mirasol-centre.com\/es\/wp-json\/wp\/v2\/posts\/5883\/revisions"}],"predecessor-version":[{"id":5885,"href":"https:\/\/mirasol-centre.com\/es\/wp-json\/wp\/v2\/posts\/5883\/revisions\/5885"}],"wp:featuredmedia":[{"embeddable":true,"href":"https:\/\/mirasol-centre.com\/es\/wp-json\/wp\/v2\/media\/7798"}],"wp:attachment":[{"href":"https:\/\/mirasol-centre.com\/es\/wp-json\/wp\/v2\/media?parent=5883"}],"wp:term":[{"taxonomy":"category","embeddable":true,"href":"https:\/\/mirasol-centre.com\/es\/wp-json\/wp\/v2\/categories?post=5883"},{"taxonomy":"post_tag","embeddable":true,"href":"https:\/\/mirasol-centre.com\/es\/wp-json\/wp\/v2\/tags?post=5883"}],"curies":[{"name":"wp","href":"https:\/\/api.w.org\/{rel}","templated":true}]}}