{"id":5891,"date":"2017-12-05T18:30:43","date_gmt":"2017-12-05T18:30:43","guid":{"rendered":"http:\/\/mirasol-centre.com\/es\/activitats-nadal-de-mira-sol-centre\/"},"modified":"2018-03-08T22:35:01","modified_gmt":"2018-03-08T22:35:01","slug":"activitats-nadal-de-mira-sol-centre","status":"publish","type":"post","link":"https:\/\/mirasol-centre.com\/es\/activitats-nadal-de-mira-sol-centre\/","title":{"rendered":"Actividades de Navidad de Mira-sol Centre"},"content":{"rendered":"<p>\u00a1Ya tenemos aqu\u00ed las actividades de Navidad de Mira-sol Centre! !Venid y os lo pasar\u00e9is genial!<\/p>\n<p>S\u00e1bado 16 de diciembre: Chocolatada familiar y magia y globoflexia para los m\u00e1s peque\u00f1os.<\/p>\n<p>Viernes 22 de diciembre: Visita de Santa Claus.<\/p>\n<p>S\u00e1bado 23 de diciembre: Vuelve Pap\u00e1 Noel y, adem\u00e1s, habr\u00e1 talleres infantiles.<\/p>\n<p>Y para prepararnos para reyes &#8230;<\/p>\n<p>Mi\u00e9rcoles 3 de enero: Chocolatada familiar, taller de cartas para los reyes y \u00a1entrega al paje real! Todo diversi\u00f3n. Encuentra m\u00e1s informaci\u00f3n en el cartel.<\/p>\n<p><img decoding=\"async\" loading=\"lazy\" class=\"aligncenter wp-image-5454 size-full\" src=\"http:\/\/mirasol-centre.com\/nousite\/wp-content\/uploads\/2017\/12\/Sin-ti\u0301tulo-1-01.jpg\" alt=\"\" width=\"2482\" height=\"3509\" srcset=\"https:\/\/mirasol-centre.com\/nousite\/wp-content\/uploads\/2017\/12\/Sin-ti\u0301tulo-1-01.jpg 2482w, https:\/\/mirasol-centre.com\/nousite\/wp-content\/uploads\/2017\/12\/Sin-ti\u0301tulo-1-01-768x1086.jpg 768w, https:\/\/mirasol-centre.com\/nousite\/wp-content\/uploads\/2017\/12\/Sin-ti\u0301tulo-1-01-724x1024.jpg 724w, https:\/\/mirasol-centre.com\/nousite\/wp-content\/uploads\/2017\/12\/Sin-ti\u0301tulo-1-01-600x848.jpg 600w\" sizes=\"(max-width: 2482px) 100vw, 2482px\" \/><\/p>\n","protected":false},"excerpt":{"rendered":"<p>\u00a1Ya tenemos aqu\u00ed las actividades de Navidad de Mira-sol Centre! !Venid y os lo pasar\u00e9is genial! S\u00e1bado 16 de diciembre: Chocolatada familiar y magia y globoflexia para los m\u00e1s peque\u00f1os. [&hellip;]<\/p>\n","protected":false},"author":3,"featured_media":7803,"comment_status":"open","ping_status":"open","sticky":false,"template":"","format":"standard","meta":[],"categories":[116],"tags":[],"featured_image_src":{"landsacpe":["https:\/\/mirasol-centre.com\/nousite\/wp-content\/uploads\/2017\/12\/Sin-ti\u0301tulo-1-01-1140x445.jpg",1140,445,true],"list":["https:\/\/mirasol-centre.com\/nousite\/wp-content\/uploads\/2017\/12\/Sin-ti\u0301tulo-1-01-463x348.jpg",463,348,true],"medium":["https:\/\/mirasol-centre.com\/nousite\/wp-content\/uploads\/2017\/12\/Sin-ti\u0301tulo-1-01-212x300.jpg",212,300,true],"full":["https:\/\/mirasol-centre.com\/nousite\/wp-content\/uploads\/2017\/12\/Sin-ti\u0301tulo-1-01.jpg",2482,3509,false]},"_links":{"self":[{"href":"https:\/\/mirasol-centre.com\/es\/wp-json\/wp\/v2\/posts\/5891"}],"collection":[{"href":"https:\/\/mirasol-centre.com\/es\/wp-json\/wp\/v2\/posts"}],"about":[{"href":"https:\/\/mirasol-centre.com\/es\/wp-json\/wp\/v2\/types\/post"}],"author":[{"embeddable":true,"href":"https:\/\/mirasol-centre.com\/es\/wp-json\/wp\/v2\/users\/3"}],"replies":[{"embeddable":true,"href":"https:\/\/mirasol-centre.com\/es\/wp-json\/wp\/v2\/comments?post=5891"}],"version-history":[{"count":2,"href":"https:\/\/mirasol-centre.com\/es\/wp-json\/wp\/v2\/posts\/5891\/revisions"}],"predecessor-version":[{"id":5893,"href":"https:\/\/mirasol-centre.com\/es\/wp-json\/wp\/v2\/posts\/5891\/revisions\/5893"}],"wp:featuredmedia":[{"embeddable":true,"href":"https:\/\/mirasol-centre.com\/es\/wp-json\/wp\/v2\/media\/7803"}],"wp:attachment":[{"href":"https:\/\/mirasol-centre.com\/es\/wp-json\/wp\/v2\/media?parent=5891"}],"wp:term":[{"taxonomy":"category","embeddable":true,"href":"https:\/\/mirasol-centre.com\/es\/wp-json\/wp\/v2\/categories?post=5891"},{"taxonomy":"post_tag","embeddable":true,"href":"https:\/\/mirasol-centre.com\/es\/wp-json\/wp\/v2\/tags?post=5891"}],"curies":[{"name":"wp","href":"https:\/\/api.w.org\/{rel}","templated":true}]}}