{"id":5923,"date":"2018-02-28T09:34:29","date_gmt":"2018-02-28T09:34:29","guid":{"rendered":"http:\/\/mirasol-centre.com\/es\/dissabte-3-de-marc-sant-medir\/"},"modified":"2018-03-08T22:50:55","modified_gmt":"2018-03-08T22:50:55","slug":"dissabte-3-de-marc-sant-medir","status":"publish","type":"post","link":"https:\/\/mirasol-centre.com\/es\/dissabte-3-de-marc-sant-medir\/","title":{"rendered":"S\u00e1bado, 3 de Marzo: Sant Medir"},"content":{"rendered":"<p>Este s\u00e1bado 3 de marzo, celebramos la fiesta local de Sant Medir. Con motivo de la festividad todas las instalaciones del centro permanecer\u00e1n cerradas: Las tiendas, el Mercado y los aparcamientos. Los locales de restauraci\u00f3n podr\u00e1n abrir sus puertas.<\/p>\n<p><img decoding=\"async\" loading=\"lazy\" class=\"alignnone size-medium wp-image-5502\" src=\"http:\/\/mirasol-centre.com\/nousite\/wp-content\/uploads\/2018\/02\/image002-300x200.jpg\" alt=\"\" width=\"300\" height=\"200\" \/><\/p>\n","protected":false},"excerpt":{"rendered":"<p>Este s\u00e1bado 3 de marzo, celebramos la fiesta local de Sant Medir. Con motivo de la festividad todas las instalaciones del centro permanecer\u00e1n cerradas: Las tiendas, el Mercado y los [&hellip;]<\/p>\n","protected":false},"author":3,"featured_media":7821,"comment_status":"open","ping_status":"open","sticky":false,"template":"","format":"standard","meta":[],"categories":[116],"tags":[],"featured_image_src":{"landsacpe":["https:\/\/mirasol-centre.com\/nousite\/wp-content\/uploads\/2018\/02\/image002.jpg",400,266,false],"list":["https:\/\/mirasol-centre.com\/nousite\/wp-content\/uploads\/2018\/02\/image002.jpg",400,266,false],"medium":["https:\/\/mirasol-centre.com\/nousite\/wp-content\/uploads\/2018\/02\/image002-300x200.jpg",300,200,true],"full":["https:\/\/mirasol-centre.com\/nousite\/wp-content\/uploads\/2018\/02\/image002.jpg",400,266,false]},"_links":{"self":[{"href":"https:\/\/mirasol-centre.com\/es\/wp-json\/wp\/v2\/posts\/5923"}],"collection":[{"href":"https:\/\/mirasol-centre.com\/es\/wp-json\/wp\/v2\/posts"}],"about":[{"href":"https:\/\/mirasol-centre.com\/es\/wp-json\/wp\/v2\/types\/post"}],"author":[{"embeddable":true,"href":"https:\/\/mirasol-centre.com\/es\/wp-json\/wp\/v2\/users\/3"}],"replies":[{"embeddable":true,"href":"https:\/\/mirasol-centre.com\/es\/wp-json\/wp\/v2\/comments?post=5923"}],"version-history":[{"count":1,"href":"https:\/\/mirasol-centre.com\/es\/wp-json\/wp\/v2\/posts\/5923\/revisions"}],"predecessor-version":[{"id":5924,"href":"https:\/\/mirasol-centre.com\/es\/wp-json\/wp\/v2\/posts\/5923\/revisions\/5924"}],"wp:featuredmedia":[{"embeddable":true,"href":"https:\/\/mirasol-centre.com\/es\/wp-json\/wp\/v2\/media\/7821"}],"wp:attachment":[{"href":"https:\/\/mirasol-centre.com\/es\/wp-json\/wp\/v2\/media?parent=5923"}],"wp:term":[{"taxonomy":"category","embeddable":true,"href":"https:\/\/mirasol-centre.com\/es\/wp-json\/wp\/v2\/categories?post=5923"},{"taxonomy":"post_tag","embeddable":true,"href":"https:\/\/mirasol-centre.com\/es\/wp-json\/wp\/v2\/tags?post=5923"}],"curies":[{"name":"wp","href":"https:\/\/api.w.org\/{rel}","templated":true}]}}