{"id":6226,"date":"2019-06-18T11:25:21","date_gmt":"2019-06-18T11:25:21","guid":{"rendered":"http:\/\/mirasol-centre.com\/?p=6226"},"modified":"2019-06-18T11:25:21","modified_gmt":"2019-06-18T11:25:21","slug":"el-mercat-de-mira-sol-centre-participa-en-la-3ra-edicion-del-ve-de-gust","status":"publish","type":"post","link":"https:\/\/mirasol-centre.com\/es\/el-mercat-de-mira-sol-centre-participa-en-la-3ra-edicion-del-ve-de-gust\/","title":{"rendered":"El Mercat de Mira-sol Centre participa en la 3ra. Edici\u00f3n del VE DE GUST!"},"content":{"rendered":"<p><strong>\u00a0<\/strong><strong>El pasado fin de semana del 11-12 de mayo Mira-sol Centre particip\u00f3 en la 3ra.\u00a0edici\u00f3n del VE DE GUST!<\/strong><\/p>\n<p><strong>\u00a0<\/strong><\/p>\n<figure id=\"attachment_6223\" aria-describedby=\"caption-attachment-6223\" style=\"width: 300px\" class=\"wp-caption alignnone\"><img decoding=\"async\" loading=\"lazy\" class=\"size-medium wp-image-6223\" src=\"http:\/\/mirasol-centre.com\/nousite\/wp-content\/uploads\/2019\/06\/20190512_200833-300x225.jpg\" alt=\"\" width=\"300\" height=\"225\" \/><figcaption id=\"caption-attachment-6223\" class=\"wp-caption-text\">?<\/figcaption><\/figure>\n<figure id=\"attachment_6222\" aria-describedby=\"caption-attachment-6222\" style=\"width: 300px\" class=\"wp-caption alignnone\"><img decoding=\"async\" loading=\"lazy\" class=\"size-medium wp-image-6222\" src=\"http:\/\/mirasol-centre.com\/nousite\/wp-content\/uploads\/2019\/06\/20190512_193442-1-300x225.jpg\" alt=\"\" width=\"300\" height=\"225\" \/><figcaption id=\"caption-attachment-6222\" class=\"wp-caption-text\">?<\/figcaption><\/figure>\n<figure id=\"attachment_6221\" aria-describedby=\"caption-attachment-6221\" style=\"width: 300px\" class=\"wp-caption alignnone\"><img decoding=\"async\" loading=\"lazy\" class=\"size-medium wp-image-6221\" src=\"http:\/\/mirasol-centre.com\/nousite\/wp-content\/uploads\/2019\/06\/20190512_193429-300x225.jpg\" alt=\"\" width=\"300\" height=\"225\" \/><figcaption id=\"caption-attachment-6221\" class=\"wp-caption-text\">?<\/figcaption><\/figure>\n<figure id=\"attachment_6220\" aria-describedby=\"caption-attachment-6220\" style=\"width: 300px\" class=\"wp-caption alignnone\"><img decoding=\"async\" loading=\"lazy\" class=\"size-medium wp-image-6220\" src=\"http:\/\/mirasol-centre.com\/nousite\/wp-content\/uploads\/2019\/06\/20190512_133314-300x225.jpg\" alt=\"\" width=\"300\" height=\"225\" \/><figcaption id=\"caption-attachment-6220\" class=\"wp-caption-text\">?<\/figcaption><\/figure>\n<figure id=\"attachment_6219\" aria-describedby=\"caption-attachment-6219\" style=\"width: 300px\" class=\"wp-caption alignnone\"><img decoding=\"async\" loading=\"lazy\" class=\"size-medium wp-image-6219\" src=\"http:\/\/mirasol-centre.com\/nousite\/wp-content\/uploads\/2019\/06\/20190512_125330-300x225.jpg\" alt=\"\" width=\"300\" height=\"225\" \/><figcaption id=\"caption-attachment-6219\" class=\"wp-caption-text\">?<\/figcaption><\/figure>\n<figure id=\"attachment_6218\" aria-describedby=\"caption-attachment-6218\" style=\"width: 225px\" class=\"wp-caption alignnone\"><img decoding=\"async\" loading=\"lazy\" class=\"size-medium wp-image-6218\" src=\"http:\/\/mirasol-centre.com\/nousite\/wp-content\/uploads\/2019\/06\/20190512_104942-225x300.jpg\" alt=\"\" width=\"225\" height=\"300\" \/><figcaption id=\"caption-attachment-6218\" class=\"wp-caption-text\">?<\/figcaption><\/figure>\n<figure id=\"attachment_6217\" aria-describedby=\"caption-attachment-6217\" style=\"width: 300px\" class=\"wp-caption alignnone\"><img decoding=\"async\" loading=\"lazy\" class=\"size-medium wp-image-6217\" src=\"http:\/\/mirasol-centre.com\/nousite\/wp-content\/uploads\/2019\/06\/20190511_223332-300x225.jpg\" alt=\"\" width=\"300\" height=\"225\" \/><figcaption id=\"caption-attachment-6217\" class=\"wp-caption-text\">?<\/figcaption><\/figure>\n<figure id=\"attachment_6210\" aria-describedby=\"caption-attachment-6210\" style=\"width: 300px\" class=\"wp-caption alignnone\"><img decoding=\"async\" loading=\"lazy\" class=\"size-medium wp-image-6210\" src=\"http:\/\/mirasol-centre.com\/nousite\/wp-content\/uploads\/2019\/06\/20190511_192437-300x225.jpg\" alt=\"\" width=\"300\" height=\"225\" \/><figcaption id=\"caption-attachment-6210\" class=\"wp-caption-text\">?<\/figcaption><\/figure>\n<p>El pasado 11 y de mayo, en la Plaza U de octubre, 10 paradas y establecimientos de la Centralidad de Mira-sol Centre sirvieron tapas elaboradas de muy buena calidad colaborando con la 3ra Edici\u00f3n del VE GUSTO.\u00a0La diversidad de oferta de tapas fue posible gracias la participaci\u00f3n de las siguientes paradas y establecimientos del Mercado:<\/p>\n<ul>\n<li>Shio con Sushi y pesca salada<\/li>\n<li>Kikiriquim con poller\u00eda y asador<\/li>\n<li>Gasull &amp; Claramunt con comidas preparadas y legumbres cocidas<\/li>\n<li>Prego con pasta fresca y especialidades italianas<\/li>\n<li>Pescader\u00edas Carrillo con pescado y marisco<\/li>\n<li>Ca l\u2019\u00c0via Roser con fruta y verduras<\/li>\n<li>Pasteler\u00eda Verdi con dulces y degustaci\u00f3n<\/li>\n<li>Cal Tet con comidas preparadas y vinos<\/li>\n<li>Mas Xarcuters con jamones, embutidos, quesos y delicatesen<\/li>\n<li>L\u2019Altra Banda con restauraci\u00f3n<\/li>\n<\/ul>\n<p>La experiencia fue todo un \u00e9xito, m\u00e1s de 7.000 personas pasearon por la muestra gastron\u00f3mica y disfrutaron de un evento de calidad gracias al empuje y esfuerzo del Mercado de Mira-sol Centre.<\/p>\n<p>Aqu\u00ed ten\u00e9is fotos!<\/p>\n<p>&nbsp;<\/p>\n<p>&nbsp;<\/p>\n<p>&nbsp;<\/p>\n<p>&nbsp;<\/p>\n<p>&nbsp;<\/p>\n","protected":false},"excerpt":{"rendered":"<p>\u00a0El pasado fin de semana del 11-12 de mayo Mira-sol Centre particip\u00f3 en la 3ra.\u00a0edici\u00f3n del VE DE GUST! \u00a0 El pasado 11 y de mayo, en la Plaza U [&hellip;]<\/p>\n","protected":false},"author":3,"featured_media":6219,"comment_status":"closed","ping_status":"closed","sticky":false,"template":"","format":"standard","meta":[],"categories":[116],"tags":[],"featured_image_src":{"landsacpe":["https:\/\/mirasol-centre.com\/nousite\/wp-content\/uploads\/2019\/06\/20190512_125330.jpg",448,336,false],"list":["https:\/\/mirasol-centre.com\/nousite\/wp-content\/uploads\/2019\/06\/20190512_125330.jpg",448,336,false],"medium":["https:\/\/mirasol-centre.com\/nousite\/wp-content\/uploads\/2019\/06\/20190512_125330-300x225.jpg",300,225,true],"full":["https:\/\/mirasol-centre.com\/nousite\/wp-content\/uploads\/2019\/06\/20190512_125330.jpg",448,336,false]},"_links":{"self":[{"href":"https:\/\/mirasol-centre.com\/es\/wp-json\/wp\/v2\/posts\/6226"}],"collection":[{"href":"https:\/\/mirasol-centre.com\/es\/wp-json\/wp\/v2\/posts"}],"about":[{"href":"https:\/\/mirasol-centre.com\/es\/wp-json\/wp\/v2\/types\/post"}],"author":[{"embeddable":true,"href":"https:\/\/mirasol-centre.com\/es\/wp-json\/wp\/v2\/users\/3"}],"replies":[{"embeddable":true,"href":"https:\/\/mirasol-centre.com\/es\/wp-json\/wp\/v2\/comments?post=6226"}],"version-history":[{"count":1,"href":"https:\/\/mirasol-centre.com\/es\/wp-json\/wp\/v2\/posts\/6226\/revisions"}],"predecessor-version":[{"id":6227,"href":"https:\/\/mirasol-centre.com\/es\/wp-json\/wp\/v2\/posts\/6226\/revisions\/6227"}],"wp:featuredmedia":[{"embeddable":true,"href":"https:\/\/mirasol-centre.com\/es\/wp-json\/wp\/v2\/media\/6219"}],"wp:attachment":[{"href":"https:\/\/mirasol-centre.com\/es\/wp-json\/wp\/v2\/media?parent=6226"}],"wp:term":[{"taxonomy":"category","embeddable":true,"href":"https:\/\/mirasol-centre.com\/es\/wp-json\/wp\/v2\/categories?post=6226"},{"taxonomy":"post_tag","embeddable":true,"href":"https:\/\/mirasol-centre.com\/es\/wp-json\/wp\/v2\/tags?post=6226"}],"curies":[{"name":"wp","href":"https:\/\/api.w.org\/{rel}","templated":true}]}}