{"id":6241,"date":"2019-06-18T12:07:46","date_gmt":"2019-06-18T12:07:46","guid":{"rendered":"http:\/\/mirasol-centre.com\/?p=6241"},"modified":"2019-06-18T12:14:56","modified_gmt":"2019-06-18T12:14:56","slug":"6241","status":"publish","type":"post","link":"https:\/\/mirasol-centre.com\/es\/6241\/","title":{"rendered":"Preparando la Fiesta Mayor de Mira-sol en el Mercat! S\u00e1bado 6 de julio de 11:00h &#8211; 14:00h"},"content":{"rendered":"<p>El pr\u00f3ximo s\u00e1bado 6 de julio, Mira-sol Centre celebrar\u00e0 la Fiesta Mayor del barrio con exhibiciones de zuma del Gimnasio Anytime Fitness, de bailes de la escuela de danza Esther Bosch y tambi\u00e9n con las tradicionales actividades infantiles de pintacaras, concurso de baile y camas el\u00e1sticas!<\/p>\n<p>Os esperamos! Recordar que estaremos de 11:00 &#8211; a 14:00 disfrutando de la Fiesta!<\/p>\n<p><img decoding=\"async\" loading=\"lazy\" class=\"alignnone size-medium wp-image-6239\" src=\"http:\/\/mirasol-centre.com\/nousite\/wp-content\/uploads\/2019\/06\/Festa-Major-2019-300x168.jpg\" alt=\"\" width=\"300\" height=\"168\" \/><\/p>\n","protected":false},"excerpt":{"rendered":"<p>El pr\u00f3ximo s\u00e1bado 6 de julio, Mira-sol Centre celebrar\u00e0 la Fiesta Mayor del barrio con exhibiciones de zuma del Gimnasio Anytime Fitness, de bailes de la escuela de danza Esther [&hellip;]<\/p>\n","protected":false},"author":3,"featured_media":6239,"comment_status":"closed","ping_status":"closed","sticky":false,"template":"","format":"standard","meta":[],"categories":[116],"tags":[],"featured_image_src":{"landsacpe":["https:\/\/mirasol-centre.com\/nousite\/wp-content\/uploads\/2019\/06\/Festa-Major-2019.jpg",763,428,false],"list":["https:\/\/mirasol-centre.com\/nousite\/wp-content\/uploads\/2019\/06\/Festa-Major-2019-463x348.jpg",463,348,true],"medium":["https:\/\/mirasol-centre.com\/nousite\/wp-content\/uploads\/2019\/06\/Festa-Major-2019-300x168.jpg",300,168,true],"full":["https:\/\/mirasol-centre.com\/nousite\/wp-content\/uploads\/2019\/06\/Festa-Major-2019.jpg",763,428,false]},"_links":{"self":[{"href":"https:\/\/mirasol-centre.com\/es\/wp-json\/wp\/v2\/posts\/6241"}],"collection":[{"href":"https:\/\/mirasol-centre.com\/es\/wp-json\/wp\/v2\/posts"}],"about":[{"href":"https:\/\/mirasol-centre.com\/es\/wp-json\/wp\/v2\/types\/post"}],"author":[{"embeddable":true,"href":"https:\/\/mirasol-centre.com\/es\/wp-json\/wp\/v2\/users\/3"}],"replies":[{"embeddable":true,"href":"https:\/\/mirasol-centre.com\/es\/wp-json\/wp\/v2\/comments?post=6241"}],"version-history":[{"count":4,"href":"https:\/\/mirasol-centre.com\/es\/wp-json\/wp\/v2\/posts\/6241\/revisions"}],"predecessor-version":[{"id":6245,"href":"https:\/\/mirasol-centre.com\/es\/wp-json\/wp\/v2\/posts\/6241\/revisions\/6245"}],"wp:featuredmedia":[{"embeddable":true,"href":"https:\/\/mirasol-centre.com\/es\/wp-json\/wp\/v2\/media\/6239"}],"wp:attachment":[{"href":"https:\/\/mirasol-centre.com\/es\/wp-json\/wp\/v2\/media?parent=6241"}],"wp:term":[{"taxonomy":"category","embeddable":true,"href":"https:\/\/mirasol-centre.com\/es\/wp-json\/wp\/v2\/categories?post=6241"},{"taxonomy":"post_tag","embeddable":true,"href":"https:\/\/mirasol-centre.com\/es\/wp-json\/wp\/v2\/tags?post=6241"}],"curies":[{"name":"wp","href":"https:\/\/api.w.org\/{rel}","templated":true}]}}