{"id":6302,"date":"2020-02-10T18:08:18","date_gmt":"2020-02-10T18:08:18","guid":{"rendered":"http:\/\/mirasol-centre.com\/?p=6302"},"modified":"2020-02-10T18:08:43","modified_gmt":"2020-02-10T18:08:43","slug":"el-sabado-220220-carnaval-en-mira-sol-centre","status":"publish","type":"post","link":"https:\/\/mirasol-centre.com\/es\/el-sabado-220220-carnaval-en-mira-sol-centre\/","title":{"rendered":"El S\u00e1bado 22\/02\/20 CARNAVAL en Mira-sol Centre"},"content":{"rendered":"<p>Os esperamos el pr\u00f3ximo s\u00e1bado 22\/02\/20 al CARNAVAL de Mira-sol Centre!!!<\/p>\n<p>Habr\u00e1n pinta-caras, batucada, baile de disfraces infantil, degustaci\u00f3n ANETO&#8230; y mucho m\u00e1s!<\/p>\n<p>No te lo pierdas! Mira-sol Centre siempre est\u00e0 a tu lado.<\/p>\n<p><img decoding=\"async\" loading=\"lazy\" class=\"alignnone size-medium wp-image-6292\" src=\"http:\/\/mirasol-centre.com\/nousite\/wp-content\/uploads\/2020\/02\/Mirasolpost750x450-300x180.png\" alt=\"\" width=\"300\" height=\"180\" \/><\/p>\n<p>&nbsp;<\/p>\n<p>&nbsp;<\/p>\n","protected":false},"excerpt":{"rendered":"<p>Os esperamos el pr\u00f3ximo s\u00e1bado 22\/02\/20 al CARNAVAL de Mira-sol Centre!!! Habr\u00e1n pinta-caras, batucada, baile de disfraces infantil, degustaci\u00f3n ANETO&#8230; y mucho m\u00e1s! No te lo pierdas! Mira-sol Centre siempre [&hellip;]<\/p>\n","protected":false},"author":3,"featured_media":6292,"comment_status":"closed","ping_status":"closed","sticky":false,"template":"","format":"standard","meta":[],"categories":[116],"tags":[],"featured_image_src":{"landsacpe":["https:\/\/mirasol-centre.com\/nousite\/wp-content\/uploads\/2020\/02\/Mirasolpost750x450-1140x445.png",1140,445,true],"list":["https:\/\/mirasol-centre.com\/nousite\/wp-content\/uploads\/2020\/02\/Mirasolpost750x450-463x348.png",463,348,true],"medium":["https:\/\/mirasol-centre.com\/nousite\/wp-content\/uploads\/2020\/02\/Mirasolpost750x450-300x180.png",300,180,true],"full":["https:\/\/mirasol-centre.com\/nousite\/wp-content\/uploads\/2020\/02\/Mirasolpost750x450.png",1563,938,false]},"_links":{"self":[{"href":"https:\/\/mirasol-centre.com\/es\/wp-json\/wp\/v2\/posts\/6302"}],"collection":[{"href":"https:\/\/mirasol-centre.com\/es\/wp-json\/wp\/v2\/posts"}],"about":[{"href":"https:\/\/mirasol-centre.com\/es\/wp-json\/wp\/v2\/types\/post"}],"author":[{"embeddable":true,"href":"https:\/\/mirasol-centre.com\/es\/wp-json\/wp\/v2\/users\/3"}],"replies":[{"embeddable":true,"href":"https:\/\/mirasol-centre.com\/es\/wp-json\/wp\/v2\/comments?post=6302"}],"version-history":[{"count":2,"href":"https:\/\/mirasol-centre.com\/es\/wp-json\/wp\/v2\/posts\/6302\/revisions"}],"predecessor-version":[{"id":6304,"href":"https:\/\/mirasol-centre.com\/es\/wp-json\/wp\/v2\/posts\/6302\/revisions\/6304"}],"wp:featuredmedia":[{"embeddable":true,"href":"https:\/\/mirasol-centre.com\/es\/wp-json\/wp\/v2\/media\/6292"}],"wp:attachment":[{"href":"https:\/\/mirasol-centre.com\/es\/wp-json\/wp\/v2\/media?parent=6302"}],"wp:term":[{"taxonomy":"category","embeddable":true,"href":"https:\/\/mirasol-centre.com\/es\/wp-json\/wp\/v2\/categories?post=6302"},{"taxonomy":"post_tag","embeddable":true,"href":"https:\/\/mirasol-centre.com\/es\/wp-json\/wp\/v2\/tags?post=6302"}],"curies":[{"name":"wp","href":"https:\/\/api.w.org\/{rel}","templated":true}]}}