{"id":6753,"date":"2021-11-20T12:27:51","date_gmt":"2021-11-20T12:27:51","guid":{"rendered":"https:\/\/mirasol-centre.com\/?p=6753"},"modified":"2021-11-20T12:34:32","modified_gmt":"2021-11-20T12:34:32","slug":"mira-sol-centre-participa-en-el-gran-recapte-daliments-2021","status":"publish","type":"post","link":"https:\/\/mirasol-centre.com\/es\/mira-sol-centre-participa-en-el-gran-recapte-daliments-2021\/","title":{"rendered":"Mira-sol Centre  participa en el GRAN RECAPTE D\u2019ALIMENTS 2021"},"content":{"rendered":"<p>Mira-sol Centre participa en El Gran Recepte d\u2019Aliments del 19 al 28 de noviembre!<\/p>\n<p>Este a\u00f1o la participaci\u00f3n es diferente, se puede hacer un donativo en las cajas del Mercadona y esta aportaci\u00f3n se convertir\u00e1 en alimentos para aquellas familias en riesgo de exclusi\u00f3n.<\/p>\n<p>Sabes c\u00f3mo funciona?\u00a0 Muy f\u00e1cil&#8230;<\/p>\n<p><img decoding=\"async\" loading=\"lazy\" class=\"alignnone wp-image-6754\" src=\"https:\/\/mirasol-centre.com\/nousite\/wp-content\/uploads\/2021\/11\/Gran-recapte-2021-funcionament-576x1024.jpg\" alt=\"\" width=\"452\" height=\"804\" \/><\/p>\n<p>Gracias por colaborar!<\/p>\n","protected":false},"excerpt":{"rendered":"<p>Mira-sol Centre participa en El Gran Recepte d\u2019Aliments del 19 al 28 de noviembre! Este a\u00f1o la participaci\u00f3n es diferente, se puede hacer un donativo en las cajas del Mercadona [&hellip;]<\/p>\n","protected":false},"author":3,"featured_media":6756,"comment_status":"closed","ping_status":"closed","sticky":false,"template":"","format":"standard","meta":[],"categories":[116],"tags":[],"featured_image_src":{"landsacpe":["https:\/\/mirasol-centre.com\/nousite\/wp-content\/uploads\/2021\/11\/Gran-recapte-daliments-2021-del-19-al-28-de-nov.jpg",420,420,false],"list":["https:\/\/mirasol-centre.com\/nousite\/wp-content\/uploads\/2021\/11\/Gran-recapte-daliments-2021-del-19-al-28-de-nov-420x348.jpg",420,348,true],"medium":["https:\/\/mirasol-centre.com\/nousite\/wp-content\/uploads\/2021\/11\/Gran-recapte-daliments-2021-del-19-al-28-de-nov-300x300.jpg",300,300,true],"full":["https:\/\/mirasol-centre.com\/nousite\/wp-content\/uploads\/2021\/11\/Gran-recapte-daliments-2021-del-19-al-28-de-nov.jpg",420,420,false]},"_links":{"self":[{"href":"https:\/\/mirasol-centre.com\/es\/wp-json\/wp\/v2\/posts\/6753"}],"collection":[{"href":"https:\/\/mirasol-centre.com\/es\/wp-json\/wp\/v2\/posts"}],"about":[{"href":"https:\/\/mirasol-centre.com\/es\/wp-json\/wp\/v2\/types\/post"}],"author":[{"embeddable":true,"href":"https:\/\/mirasol-centre.com\/es\/wp-json\/wp\/v2\/users\/3"}],"replies":[{"embeddable":true,"href":"https:\/\/mirasol-centre.com\/es\/wp-json\/wp\/v2\/comments?post=6753"}],"version-history":[{"count":5,"href":"https:\/\/mirasol-centre.com\/es\/wp-json\/wp\/v2\/posts\/6753\/revisions"}],"predecessor-version":[{"id":6761,"href":"https:\/\/mirasol-centre.com\/es\/wp-json\/wp\/v2\/posts\/6753\/revisions\/6761"}],"wp:featuredmedia":[{"embeddable":true,"href":"https:\/\/mirasol-centre.com\/es\/wp-json\/wp\/v2\/media\/6756"}],"wp:attachment":[{"href":"https:\/\/mirasol-centre.com\/es\/wp-json\/wp\/v2\/media?parent=6753"}],"wp:term":[{"taxonomy":"category","embeddable":true,"href":"https:\/\/mirasol-centre.com\/es\/wp-json\/wp\/v2\/categories?post=6753"},{"taxonomy":"post_tag","embeddable":true,"href":"https:\/\/mirasol-centre.com\/es\/wp-json\/wp\/v2\/tags?post=6753"}],"curies":[{"name":"wp","href":"https:\/\/api.w.org\/{rel}","templated":true}]}}