{"id":6772,"date":"2021-11-30T15:22:56","date_gmt":"2021-11-30T15:22:56","guid":{"rendered":"https:\/\/mirasol-centre.com\/?p=6772"},"modified":"2021-12-02T17:19:05","modified_gmt":"2021-12-02T17:19:05","slug":"el-mercat-de-mira-sol-centre-ha-repartido-mas-de-400-fiambreras-de-la-campana-compra-amb-la-teva-carmanyola-i-ten-donem-una-altra","status":"publish","type":"post","link":"https:\/\/mirasol-centre.com\/es\/el-mercat-de-mira-sol-centre-ha-repartido-mas-de-400-fiambreras-de-la-campana-compra-amb-la-teva-carmanyola-i-ten-donem-una-altra\/","title":{"rendered":"El Mercat de Mira-sol Centre ha repartido m\u00e1s de 400 fiambreras de la campa\u00f1a COMPRA AMB LA TEVA CARMANYOLA I TE\u2019N DONEM UNA ALTRA!"},"content":{"rendered":"<p>El Mercat de Mira-sol Centre ha participado en la Campa\u00f1a municipal COMPRA AMB LA TEVA CARMANYOLA I TE\u2019N DONEM UNA ALTRA celebrada los dias \u200b\u200b19, 20, 26 y 27 de noviembre con una participaci\u00f3n fant\u00e1stica por parte de los clientes. Esta campa\u00f1a nace para motivar la compra de frescos con envases reutilizables con el objetivo de reducir el uso de pl\u00e1sticos desechables!<\/p>\n<p>\u00a1Gracias a todos por vuestra colaboraci\u00f3n!<\/p>\n<figure id=\"attachment_6787\" aria-describedby=\"caption-attachment-6787\" style=\"width: 786px\" class=\"wp-caption alignnone\"><img decoding=\"async\" loading=\"lazy\" class=\" wp-image-6787\" src=\"https:\/\/mirasol-centre.com\/nousite\/wp-content\/uploads\/2021\/11\/Mira-Sol-Carmanyola-1-1024x576.jpg\" alt=\"\" width=\"786\" height=\"442\" srcset=\"https:\/\/mirasol-centre.com\/nousite\/wp-content\/uploads\/2021\/11\/Mira-Sol-Carmanyola-1-768x432.jpg 768w, https:\/\/mirasol-centre.com\/nousite\/wp-content\/uploads\/2021\/11\/Mira-Sol-Carmanyola-1-600x338.jpg 600w\" sizes=\"(max-width: 786px) 100vw, 786px\" \/><figcaption id=\"caption-attachment-6787\" class=\"wp-caption-text\">Stand compra amb carmanyola Mira-Sol Centre<\/figcaption><\/figure>\n","protected":false},"excerpt":{"rendered":"<p>El Mercat de Mira-sol Centre ha participado en la Campa\u00f1a municipal COMPRA AMB LA TEVA CARMANYOLA I TE\u2019N DONEM UNA ALTRA celebrada los dias \u200b\u200b19, 20, 26 y 27 de [&hellip;]<\/p>\n","protected":false},"author":3,"featured_media":6766,"comment_status":"closed","ping_status":"closed","sticky":false,"template":"","format":"standard","meta":[],"categories":[116],"tags":[],"featured_image_src":{"landsacpe":["https:\/\/mirasol-centre.com\/nousite\/wp-content\/uploads\/2021\/11\/creativitat-campanya-carmanyola-nov21-1140x445.jpg",1140,445,true],"list":["https:\/\/mirasol-centre.com\/nousite\/wp-content\/uploads\/2021\/11\/creativitat-campanya-carmanyola-nov21-463x348.jpg",463,348,true],"medium":["https:\/\/mirasol-centre.com\/nousite\/wp-content\/uploads\/2021\/11\/creativitat-campanya-carmanyola-nov21-212x300.jpg",212,300,true],"full":["https:\/\/mirasol-centre.com\/nousite\/wp-content\/uploads\/2021\/11\/creativitat-campanya-carmanyola-nov21.jpg",1299,1838,false]},"_links":{"self":[{"href":"https:\/\/mirasol-centre.com\/es\/wp-json\/wp\/v2\/posts\/6772"}],"collection":[{"href":"https:\/\/mirasol-centre.com\/es\/wp-json\/wp\/v2\/posts"}],"about":[{"href":"https:\/\/mirasol-centre.com\/es\/wp-json\/wp\/v2\/types\/post"}],"author":[{"embeddable":true,"href":"https:\/\/mirasol-centre.com\/es\/wp-json\/wp\/v2\/users\/3"}],"replies":[{"embeddable":true,"href":"https:\/\/mirasol-centre.com\/es\/wp-json\/wp\/v2\/comments?post=6772"}],"version-history":[{"count":2,"href":"https:\/\/mirasol-centre.com\/es\/wp-json\/wp\/v2\/posts\/6772\/revisions"}],"predecessor-version":[{"id":6791,"href":"https:\/\/mirasol-centre.com\/es\/wp-json\/wp\/v2\/posts\/6772\/revisions\/6791"}],"wp:featuredmedia":[{"embeddable":true,"href":"https:\/\/mirasol-centre.com\/es\/wp-json\/wp\/v2\/media\/6766"}],"wp:attachment":[{"href":"https:\/\/mirasol-centre.com\/es\/wp-json\/wp\/v2\/media?parent=6772"}],"wp:term":[{"taxonomy":"category","embeddable":true,"href":"https:\/\/mirasol-centre.com\/es\/wp-json\/wp\/v2\/categories?post=6772"},{"taxonomy":"post_tag","embeddable":true,"href":"https:\/\/mirasol-centre.com\/es\/wp-json\/wp\/v2\/tags?post=6772"}],"curies":[{"name":"wp","href":"https:\/\/api.w.org\/{rel}","templated":true}]}}