{"id":6859,"date":"2022-01-10T12:25:14","date_gmt":"2022-01-10T12:25:14","guid":{"rendered":"https:\/\/mirasol-centre.com\/?p=6859"},"modified":"2022-01-10T12:33:45","modified_gmt":"2022-01-10T12:33:45","slug":"caritas-recollida-daliments-al-hall-de-mira-sol-centre-aquest-dissabte-18-de-gener-de-1000h-a-1400h","status":"publish","type":"post","link":"https:\/\/mirasol-centre.com\/es\/caritas-recollida-daliments-al-hall-de-mira-sol-centre-aquest-dissabte-18-de-gener-de-1000h-a-1400h\/","title":{"rendered":"C\u00c1RITAS: Recogida de alimentos en el Hall de Mira-sol Centre este s\u00e1bado 15 de enero de 10:00h a 14:00h"},"content":{"rendered":"<p>C\u00c1RITAS lleva m\u00e1s de 40 a\u00f1os luchando contra la pobreza y la exclusi\u00f3n social y desde Mira-sol Centre tambi\u00e9n queremos poner nuestro granito de arena colaborando con el punto de recogida de alimentos que C\u00c0RITAS monta cada mes en la pla\u00e7a de delante del Mercado.<\/p>\n<p><strong>Este s\u00e1bado 15 de enero C\u00c1RITAS os espera en Mira-sol Centre<\/strong><\/p>\n<p>Gracias por tu colaboraci\u00f3n!<\/p>\n<p><img decoding=\"async\" loading=\"lazy\" class=\"alignnone  wp-image-6860\" src=\"https:\/\/mirasol-centre.com\/nousite\/wp-content\/uploads\/2022\/01\/logotip-caritas.jpg\" alt=\"\" width=\"383\" height=\"215\" \/><\/p>\n<p>&nbsp;<\/p>\n","protected":false},"excerpt":{"rendered":"<p>C\u00c1RITAS lleva m\u00e1s de 40 a\u00f1os luchando contra la pobreza y la exclusi\u00f3n social y desde Mira-sol Centre tambi\u00e9n queremos poner nuestro granito de arena colaborando con el punto de [&hellip;]<\/p>\n","protected":false},"author":3,"featured_media":6860,"comment_status":"closed","ping_status":"closed","sticky":false,"template":"","format":"standard","meta":[],"categories":[116],"tags":[],"featured_image_src":{"landsacpe":["https:\/\/mirasol-centre.com\/nousite\/wp-content\/uploads\/2022\/01\/logotip-caritas.jpg",580,326,false],"list":["https:\/\/mirasol-centre.com\/nousite\/wp-content\/uploads\/2022\/01\/logotip-caritas-463x326.jpg",463,326,true],"medium":["https:\/\/mirasol-centre.com\/nousite\/wp-content\/uploads\/2022\/01\/logotip-caritas-300x169.jpg",300,169,true],"full":["https:\/\/mirasol-centre.com\/nousite\/wp-content\/uploads\/2022\/01\/logotip-caritas.jpg",580,326,false]},"_links":{"self":[{"href":"https:\/\/mirasol-centre.com\/es\/wp-json\/wp\/v2\/posts\/6859"}],"collection":[{"href":"https:\/\/mirasol-centre.com\/es\/wp-json\/wp\/v2\/posts"}],"about":[{"href":"https:\/\/mirasol-centre.com\/es\/wp-json\/wp\/v2\/types\/post"}],"author":[{"embeddable":true,"href":"https:\/\/mirasol-centre.com\/es\/wp-json\/wp\/v2\/users\/3"}],"replies":[{"embeddable":true,"href":"https:\/\/mirasol-centre.com\/es\/wp-json\/wp\/v2\/comments?post=6859"}],"version-history":[{"count":5,"href":"https:\/\/mirasol-centre.com\/es\/wp-json\/wp\/v2\/posts\/6859\/revisions"}],"predecessor-version":[{"id":6865,"href":"https:\/\/mirasol-centre.com\/es\/wp-json\/wp\/v2\/posts\/6859\/revisions\/6865"}],"wp:featuredmedia":[{"embeddable":true,"href":"https:\/\/mirasol-centre.com\/es\/wp-json\/wp\/v2\/media\/6860"}],"wp:attachment":[{"href":"https:\/\/mirasol-centre.com\/es\/wp-json\/wp\/v2\/media?parent=6859"}],"wp:term":[{"taxonomy":"category","embeddable":true,"href":"https:\/\/mirasol-centre.com\/es\/wp-json\/wp\/v2\/categories?post=6859"},{"taxonomy":"post_tag","embeddable":true,"href":"https:\/\/mirasol-centre.com\/es\/wp-json\/wp\/v2\/tags?post=6859"}],"curies":[{"name":"wp","href":"https:\/\/api.w.org\/{rel}","templated":true}]}}