{"id":6910,"date":"2022-02-09T12:19:44","date_gmt":"2022-02-09T12:19:44","guid":{"rendered":"https:\/\/mirasol-centre.com\/?p=6910"},"modified":"2022-02-09T12:20:32","modified_gmt":"2022-02-09T12:20:32","slug":"caritas-recogida-de-alimentos-en-el-hall-de-mira-sol-centre-este-sabado-12-de-febrero-de-1000h-a-1400h","status":"publish","type":"post","link":"https:\/\/mirasol-centre.com\/es\/caritas-recogida-de-alimentos-en-el-hall-de-mira-sol-centre-este-sabado-12-de-febrero-de-1000h-a-1400h\/","title":{"rendered":"C\u00c1RITAS: Recogida de alimentos en el Hall de Mira-sol Centre este s\u00e1bado 12 de febrero de 10:00h a 14:00h"},"content":{"rendered":"<p>C\u00c1RITAS lleva m\u00e1s de 40 a\u00f1os luchando contra la pobreza y la exclusi\u00f3n social y desde Mira-sol Centre tambi\u00e9n queremos poner nuestro grano de arena colaborando con el punto de recogida de alimentos que C\u00c0RITAS monta cada mes en la plazoleta de delante del Mercado.<\/p>\n<p><strong>Este s\u00e1bado 12 de febrerlo C\u00c1RITAS os espera en Mira-sol Centre<\/strong><\/p>\n<p><img decoding=\"async\" loading=\"lazy\" class=\"alignnone wp-image-6860\" src=\"https:\/\/mirasol-centre.com\/nousite\/wp-content\/uploads\/2022\/01\/logotip-caritas.jpg\" alt=\"\" width=\"254\" height=\"143\" \/><\/p>\n<p>\u00a1Gracias por su colaboraci\u00f3n!<\/p>\n","protected":false},"excerpt":{"rendered":"<p>C\u00c1RITAS lleva m\u00e1s de 40 a\u00f1os luchando contra la pobreza y la exclusi\u00f3n social y desde Mira-sol Centre tambi\u00e9n queremos poner nuestro grano de arena colaborando con el punto de [&hellip;]<\/p>\n","protected":false},"author":3,"featured_media":6860,"comment_status":"closed","ping_status":"closed","sticky":false,"template":"","format":"standard","meta":[],"categories":[116],"tags":[],"featured_image_src":{"landsacpe":["https:\/\/mirasol-centre.com\/nousite\/wp-content\/uploads\/2022\/01\/logotip-caritas.jpg",580,326,false],"list":["https:\/\/mirasol-centre.com\/nousite\/wp-content\/uploads\/2022\/01\/logotip-caritas-463x326.jpg",463,326,true],"medium":["https:\/\/mirasol-centre.com\/nousite\/wp-content\/uploads\/2022\/01\/logotip-caritas-300x169.jpg",300,169,true],"full":["https:\/\/mirasol-centre.com\/nousite\/wp-content\/uploads\/2022\/01\/logotip-caritas.jpg",580,326,false]},"_links":{"self":[{"href":"https:\/\/mirasol-centre.com\/es\/wp-json\/wp\/v2\/posts\/6910"}],"collection":[{"href":"https:\/\/mirasol-centre.com\/es\/wp-json\/wp\/v2\/posts"}],"about":[{"href":"https:\/\/mirasol-centre.com\/es\/wp-json\/wp\/v2\/types\/post"}],"author":[{"embeddable":true,"href":"https:\/\/mirasol-centre.com\/es\/wp-json\/wp\/v2\/users\/3"}],"replies":[{"embeddable":true,"href":"https:\/\/mirasol-centre.com\/es\/wp-json\/wp\/v2\/comments?post=6910"}],"version-history":[{"count":1,"href":"https:\/\/mirasol-centre.com\/es\/wp-json\/wp\/v2\/posts\/6910\/revisions"}],"predecessor-version":[{"id":6911,"href":"https:\/\/mirasol-centre.com\/es\/wp-json\/wp\/v2\/posts\/6910\/revisions\/6911"}],"wp:featuredmedia":[{"embeddable":true,"href":"https:\/\/mirasol-centre.com\/es\/wp-json\/wp\/v2\/media\/6860"}],"wp:attachment":[{"href":"https:\/\/mirasol-centre.com\/es\/wp-json\/wp\/v2\/media?parent=6910"}],"wp:term":[{"taxonomy":"category","embeddable":true,"href":"https:\/\/mirasol-centre.com\/es\/wp-json\/wp\/v2\/categories?post=6910"},{"taxonomy":"post_tag","embeddable":true,"href":"https:\/\/mirasol-centre.com\/es\/wp-json\/wp\/v2\/tags?post=6910"}],"curies":[{"name":"wp","href":"https:\/\/api.w.org\/{rel}","templated":true}]}}