{"id":7006,"date":"2022-08-08T11:53:00","date_gmt":"2022-08-08T11:53:00","guid":{"rendered":"https:\/\/mirasol-centre.com\/?p=7006"},"modified":"2022-08-08T11:53:00","modified_gmt":"2022-08-08T11:53:00","slug":"el-lunes-15-de-agosto-mira-sol-centre-permanecera-cerrado","status":"publish","type":"post","link":"https:\/\/mirasol-centre.com\/es\/el-lunes-15-de-agosto-mira-sol-centre-permanecera-cerrado\/","title":{"rendered":"El lunes 15 de agosto, Mira-sol Centre permanecer\u00e1 cerrado!"},"content":{"rendered":"<p>El pr\u00f3ximo lunes 15 de agosto, Mira-sol centre permanecer\u00e1 cerrado en motivo de la festividad del d\u00eda de la Asunci\u00f3n de la Madre de Dios.<\/p>\n<p>Feliz d\u00eda!<\/p>\n<p><img decoding=\"async\" loading=\"lazy\" class=\"alignnone size-full wp-image-7004\" src=\"https:\/\/mirasol-centre.com\/nousite\/wp-content\/uploads\/2022\/08\/images.png\" alt=\"\" width=\"225\" height=\"225\" \/><\/p>\n","protected":false},"excerpt":{"rendered":"<p>El pr\u00f3ximo lunes 15 de agosto, Mira-sol centre permanecer\u00e1 cerrado en motivo de la festividad del d\u00eda de la Asunci\u00f3n de la Madre de Dios. Feliz d\u00eda!<\/p>\n","protected":false},"author":3,"featured_media":7004,"comment_status":"closed","ping_status":"closed","sticky":false,"template":"","format":"standard","meta":[],"categories":[116],"tags":[],"featured_image_src":{"landsacpe":["https:\/\/mirasol-centre.com\/nousite\/wp-content\/uploads\/2022\/08\/images.png",225,225,false],"list":["https:\/\/mirasol-centre.com\/nousite\/wp-content\/uploads\/2022\/08\/images.png",225,225,false],"medium":["https:\/\/mirasol-centre.com\/nousite\/wp-content\/uploads\/2022\/08\/images.png",225,225,false],"full":["https:\/\/mirasol-centre.com\/nousite\/wp-content\/uploads\/2022\/08\/images.png",225,225,false]},"_links":{"self":[{"href":"https:\/\/mirasol-centre.com\/es\/wp-json\/wp\/v2\/posts\/7006"}],"collection":[{"href":"https:\/\/mirasol-centre.com\/es\/wp-json\/wp\/v2\/posts"}],"about":[{"href":"https:\/\/mirasol-centre.com\/es\/wp-json\/wp\/v2\/types\/post"}],"author":[{"embeddable":true,"href":"https:\/\/mirasol-centre.com\/es\/wp-json\/wp\/v2\/users\/3"}],"replies":[{"embeddable":true,"href":"https:\/\/mirasol-centre.com\/es\/wp-json\/wp\/v2\/comments?post=7006"}],"version-history":[{"count":1,"href":"https:\/\/mirasol-centre.com\/es\/wp-json\/wp\/v2\/posts\/7006\/revisions"}],"predecessor-version":[{"id":7007,"href":"https:\/\/mirasol-centre.com\/es\/wp-json\/wp\/v2\/posts\/7006\/revisions\/7007"}],"wp:featuredmedia":[{"embeddable":true,"href":"https:\/\/mirasol-centre.com\/es\/wp-json\/wp\/v2\/media\/7004"}],"wp:attachment":[{"href":"https:\/\/mirasol-centre.com\/es\/wp-json\/wp\/v2\/media?parent=7006"}],"wp:term":[{"taxonomy":"category","embeddable":true,"href":"https:\/\/mirasol-centre.com\/es\/wp-json\/wp\/v2\/categories?post=7006"},{"taxonomy":"post_tag","embeddable":true,"href":"https:\/\/mirasol-centre.com\/es\/wp-json\/wp\/v2\/tags?post=7006"}],"curies":[{"name":"wp","href":"https:\/\/api.w.org\/{rel}","templated":true}]}}