{"id":7115,"date":"2023-02-13T17:43:28","date_gmt":"2023-02-13T17:43:28","guid":{"rendered":"https:\/\/mirasol-centre.com\/?p=7115"},"modified":"2023-02-13T17:43:28","modified_gmt":"2023-02-13T17:43:28","slug":"don-canino-taller-gratuito-de-tira-de-la-correa-sabado-18-de-febrero-a-las-1700h-en-mira-sol-centre","status":"publish","type":"post","link":"https:\/\/mirasol-centre.com\/es\/don-canino-taller-gratuito-de-tira-de-la-correa-sabado-18-de-febrero-a-las-1700h-en-mira-sol-centre\/","title":{"rendered":"DON CANINO \u2013 Taller gratuito de \u00bfTira de la Correa?? S\u00e1bado 18 de febrero a las 17:00h en Mira-sol Centre"},"content":{"rendered":"<p>El pr\u00f3ximo s\u00e1bado, 18 de febrero a las 17:00 h @doncanino y @edukao_educcion_canina organizar\u00e1n un taller donde te ense\u00f1ar\u00e1n las mejores t\u00e9cnicas para que tu perro no estire la correa cuando le paseas \ud83d\udc36. Ven con tu perro y conoce las \u00faltimas t\u00e9cnicas explicadas por los mejores profesionales \ud83e\udd29!<\/p>\n<p>\ud83d\udc49 Te puedes inscribir en el taller llamando al 935827047 o en la web de Don Canino, doncanino.com. \u00a1No te quedes sin tu plaza \ud83d\ude09!<\/p>\n<p>#perros #doncanino #mirasolcentre<\/p>\n<p><img decoding=\"async\" loading=\"lazy\" class=\"alignnone size-full wp-image-7112\" src=\"https:\/\/mirasol-centre.com\/nousite\/wp-content\/uploads\/2023\/02\/cartel-correa-febrero-mirasol.jpg\" alt=\"\" width=\"508\" height=\"580\" \/><\/p>\n","protected":false},"excerpt":{"rendered":"<p>El pr\u00f3ximo s\u00e1bado, 18 de febrero a las 17:00 h @doncanino y @edukao_educcion_canina organizar\u00e1n un taller donde te ense\u00f1ar\u00e1n las mejores t\u00e9cnicas para que tu perro no estire la correa [&hellip;]<\/p>\n","protected":false},"author":3,"featured_media":7112,"comment_status":"closed","ping_status":"closed","sticky":false,"template":"","format":"standard","meta":[],"categories":[116],"tags":[],"featured_image_src":{"landsacpe":["https:\/\/mirasol-centre.com\/nousite\/wp-content\/uploads\/2023\/02\/cartel-correa-febrero-mirasol-508x445.jpg",508,445,true],"list":["https:\/\/mirasol-centre.com\/nousite\/wp-content\/uploads\/2023\/02\/cartel-correa-febrero-mirasol-463x348.jpg",463,348,true],"medium":["https:\/\/mirasol-centre.com\/nousite\/wp-content\/uploads\/2023\/02\/cartel-correa-febrero-mirasol-263x300.jpg",263,300,true],"full":["https:\/\/mirasol-centre.com\/nousite\/wp-content\/uploads\/2023\/02\/cartel-correa-febrero-mirasol.jpg",508,580,false]},"_links":{"self":[{"href":"https:\/\/mirasol-centre.com\/es\/wp-json\/wp\/v2\/posts\/7115"}],"collection":[{"href":"https:\/\/mirasol-centre.com\/es\/wp-json\/wp\/v2\/posts"}],"about":[{"href":"https:\/\/mirasol-centre.com\/es\/wp-json\/wp\/v2\/types\/post"}],"author":[{"embeddable":true,"href":"https:\/\/mirasol-centre.com\/es\/wp-json\/wp\/v2\/users\/3"}],"replies":[{"embeddable":true,"href":"https:\/\/mirasol-centre.com\/es\/wp-json\/wp\/v2\/comments?post=7115"}],"version-history":[{"count":1,"href":"https:\/\/mirasol-centre.com\/es\/wp-json\/wp\/v2\/posts\/7115\/revisions"}],"predecessor-version":[{"id":7116,"href":"https:\/\/mirasol-centre.com\/es\/wp-json\/wp\/v2\/posts\/7115\/revisions\/7116"}],"wp:featuredmedia":[{"embeddable":true,"href":"https:\/\/mirasol-centre.com\/es\/wp-json\/wp\/v2\/media\/7112"}],"wp:attachment":[{"href":"https:\/\/mirasol-centre.com\/es\/wp-json\/wp\/v2\/media?parent=7115"}],"wp:term":[{"taxonomy":"category","embeddable":true,"href":"https:\/\/mirasol-centre.com\/es\/wp-json\/wp\/v2\/categories?post=7115"},{"taxonomy":"post_tag","embeddable":true,"href":"https:\/\/mirasol-centre.com\/es\/wp-json\/wp\/v2\/tags?post=7115"}],"curies":[{"name":"wp","href":"https:\/\/api.w.org\/{rel}","templated":true}]}}