{"id":8217,"date":"2023-06-28T16:33:47","date_gmt":"2023-06-28T16:33:47","guid":{"rendered":"https:\/\/mirasol-centre.com\/?p=8217"},"modified":"2023-06-28T16:40:10","modified_gmt":"2023-06-28T16:40:10","slug":"fiesta-mayor-en-mira-sol-centre-sabado-8-de-juliol","status":"publish","type":"post","link":"https:\/\/mirasol-centre.com\/es\/fiesta-mayor-en-mira-sol-centre-sabado-8-de-juliol\/","title":{"rendered":"FIESTA MAYOR en Mira-sol Centre &#8211; S\u00e1bado 8 de Juliol!"},"content":{"rendered":"\n<p><\/p>\n\n\n<p>El pr\u00f3ximo s\u00e1bado 8 de Julio Mira-sol centre celebrar\u00e1 la FIESTA MATOR del barrio!<\/p>\n<p>La fiesta empezar\u00e1 a las 11:15h y acabar\u00e1 a las 13:30h.<\/p>\n<p>Habran actividades y baile para los m\u00e1s peque\u00f1os y mayores!<\/p>\n<p>Batukada, Master Class de Zumba, Disco-m\u00f3vil, pintacaras, tallleres infantiles\u2026<\/p>\n<p>Os esperemos!<\/p>\n<p>BUENA FIESTA MAYOR!<\/p>\n<p>#mirasolcentre #verano #fiestamayor #barrio #mercado # santcugat #mirasol #restaurantes<\/p>\n<p><img decoding=\"async\" loading=\"lazy\" class=\"alignnone size-large wp-image-8215\" src=\"https:\/\/mirasol-centre.com\/nousite\/wp-content\/uploads\/2023\/06\/post750x450-1024x614.png\" alt=\"\" width=\"1024\" height=\"614\" srcset=\"https:\/\/mirasol-centre.com\/nousite\/wp-content\/uploads\/2023\/06\/post750x450-1024x614.png 1024w, https:\/\/mirasol-centre.com\/nousite\/wp-content\/uploads\/2023\/06\/post750x450-768x461.png 768w, https:\/\/mirasol-centre.com\/nousite\/wp-content\/uploads\/2023\/06\/post750x450-640x384.png 640w, https:\/\/mirasol-centre.com\/nousite\/wp-content\/uploads\/2023\/06\/post750x450-400x240.png 400w, https:\/\/mirasol-centre.com\/nousite\/wp-content\/uploads\/2023\/06\/post750x450-367x220.png 367w, https:\/\/mirasol-centre.com\/nousite\/wp-content\/uploads\/2023\/06\/post750x450-600x360.png 600w\" sizes=\"(max-width: 1024px) 100vw, 1024px\" \/><\/p>\n<p>\u00a0<\/p>\n<p>\u00a0<\/p>\n<p>\u00a0<\/p>","protected":false},"excerpt":{"rendered":"<p>El pr\u00f3ximo s\u00e1bado 8 de Julio Mira-sol centre celebrar\u00e1 la FIESTA MATOR del barrio! La fiesta empezar\u00e1 a las 11:15h y acabar\u00e1 a las 13:30h. Habran actividades y baile para [&hellip;]<\/p>\n","protected":false},"author":3,"featured_media":8215,"comment_status":"closed","ping_status":"closed","sticky":false,"template":"","format":"standard","meta":[],"categories":[116],"tags":[],"featured_image_src":{"landsacpe":["https:\/\/mirasol-centre.com\/nousite\/wp-content\/uploads\/2023\/06\/post750x450-1140x445.png",1140,445,true],"list":["https:\/\/mirasol-centre.com\/nousite\/wp-content\/uploads\/2023\/06\/post750x450-463x348.png",463,348,true],"medium":["https:\/\/mirasol-centre.com\/nousite\/wp-content\/uploads\/2023\/06\/post750x450-300x180.png",300,180,true],"full":["https:\/\/mirasol-centre.com\/nousite\/wp-content\/uploads\/2023\/06\/post750x450.png",3125,1875,false]},"_links":{"self":[{"href":"https:\/\/mirasol-centre.com\/es\/wp-json\/wp\/v2\/posts\/8217"}],"collection":[{"href":"https:\/\/mirasol-centre.com\/es\/wp-json\/wp\/v2\/posts"}],"about":[{"href":"https:\/\/mirasol-centre.com\/es\/wp-json\/wp\/v2\/types\/post"}],"author":[{"embeddable":true,"href":"https:\/\/mirasol-centre.com\/es\/wp-json\/wp\/v2\/users\/3"}],"replies":[{"embeddable":true,"href":"https:\/\/mirasol-centre.com\/es\/wp-json\/wp\/v2\/comments?post=8217"}],"version-history":[{"count":2,"href":"https:\/\/mirasol-centre.com\/es\/wp-json\/wp\/v2\/posts\/8217\/revisions"}],"predecessor-version":[{"id":8227,"href":"https:\/\/mirasol-centre.com\/es\/wp-json\/wp\/v2\/posts\/8217\/revisions\/8227"}],"wp:featuredmedia":[{"embeddable":true,"href":"https:\/\/mirasol-centre.com\/es\/wp-json\/wp\/v2\/media\/8215"}],"wp:attachment":[{"href":"https:\/\/mirasol-centre.com\/es\/wp-json\/wp\/v2\/media?parent=8217"}],"wp:term":[{"taxonomy":"category","embeddable":true,"href":"https:\/\/mirasol-centre.com\/es\/wp-json\/wp\/v2\/categories?post=8217"},{"taxonomy":"post_tag","embeddable":true,"href":"https:\/\/mirasol-centre.com\/es\/wp-json\/wp\/v2\/tags?post=8217"}],"curies":[{"name":"wp","href":"https:\/\/api.w.org\/{rel}","templated":true}]}}