{"id":8254,"date":"2023-08-31T16:36:49","date_gmt":"2023-08-31T16:36:49","guid":{"rendered":"https:\/\/mirasol-centre.com\/?p=8254"},"modified":"2023-08-31T16:36:51","modified_gmt":"2023-08-31T16:36:51","slug":"don-canino-taller-gratuito-de-la-llamada-sabado-9-de-septiembre-a-las-1730h-en-mira-sol-centre","status":"publish","type":"post","link":"https:\/\/mirasol-centre.com\/es\/don-canino-taller-gratuito-de-la-llamada-sabado-9-de-septiembre-a-las-1730h-en-mira-sol-centre\/","title":{"rendered":"DON CANINO \u2013 Taller gratuito de \u00abLa llamada\u00bb- S\u00e1bado 9 de septiembre a las 17:30h en Mira-sol Centre"},"content":{"rendered":"\n<p><\/p>\n\n\n<p>El pr\u00f3ximo s\u00e1bado, 9 de septiembre y a las 17:30h @doncanino y @edukao_educcion_canina organizar\u00e1n un taller donde te ense\u00f1ar\u00e1n las mejores t\u00e9cnicas para \u00abLa llamada\u00bb \ud83d\udc36. No puedes perd\u00e9rtelo, ven y conoce las \u00faltimas t\u00e9cnicas explicadas por los mejores profesionales \ud83e\udd29!<\/p>\n<p>\ud83d\udc49 Te puedes inscribir en el taller llamando al 935827047, en la web de Don Canino, doncanino.com o en https:\/\/www.doncanino.com\/info\/talleres-inscripcion-6.<\/p>\n<p>\u00a1No te quedes sin tu plaza \ud83d\ude09!<\/p>\n<p>#perros #doncanino #mirasolcentre<\/p>\n<p><img decoding=\"async\" loading=\"lazy\" class=\"alignnone  wp-image-8252\" src=\"https:\/\/mirasol-centre.com\/nousite\/wp-content\/uploads\/2023\/08\/A4_llamada-1-724x1024.jpg\" alt=\"\" width=\"436\" height=\"617\" srcset=\"https:\/\/mirasol-centre.com\/nousite\/wp-content\/uploads\/2023\/08\/A4_llamada-1-400x566.jpg 400w, https:\/\/mirasol-centre.com\/nousite\/wp-content\/uploads\/2023\/08\/A4_llamada-1-367x519.jpg 367w\" sizes=\"(max-width: 436px) 100vw, 436px\" \/><\/p>\n<p>\u00a0<\/p>\n<p>\u00a0<\/p>","protected":false},"excerpt":{"rendered":"<p>El pr\u00f3ximo s\u00e1bado, 9 de septiembre y a las 17:30h @doncanino y @edukao_educcion_canina organizar\u00e1n un taller donde te ense\u00f1ar\u00e1n las mejores t\u00e9cnicas para \u00abLa llamada\u00bb \ud83d\udc36. No puedes perd\u00e9rtelo, ven [&hellip;]<\/p>\n","protected":false},"author":3,"featured_media":8252,"comment_status":"closed","ping_status":"closed","sticky":false,"template":"","format":"standard","meta":[],"categories":[116],"tags":[],"featured_image_src":{"landsacpe":["https:\/\/mirasol-centre.com\/nousite\/wp-content\/uploads\/2023\/08\/A4_llamada-1-1140x445.jpg",1140,445,true],"list":["https:\/\/mirasol-centre.com\/nousite\/wp-content\/uploads\/2023\/08\/A4_llamada-1-463x348.jpg",463,348,true],"medium":["https:\/\/mirasol-centre.com\/nousite\/wp-content\/uploads\/2023\/08\/A4_llamada-1-212x300.jpg",212,300,true],"full":["https:\/\/mirasol-centre.com\/nousite\/wp-content\/uploads\/2023\/08\/A4_llamada-1-scaled.jpg",1810,2560,false]},"_links":{"self":[{"href":"https:\/\/mirasol-centre.com\/es\/wp-json\/wp\/v2\/posts\/8254"}],"collection":[{"href":"https:\/\/mirasol-centre.com\/es\/wp-json\/wp\/v2\/posts"}],"about":[{"href":"https:\/\/mirasol-centre.com\/es\/wp-json\/wp\/v2\/types\/post"}],"author":[{"embeddable":true,"href":"https:\/\/mirasol-centre.com\/es\/wp-json\/wp\/v2\/users\/3"}],"replies":[{"embeddable":true,"href":"https:\/\/mirasol-centre.com\/es\/wp-json\/wp\/v2\/comments?post=8254"}],"version-history":[{"count":1,"href":"https:\/\/mirasol-centre.com\/es\/wp-json\/wp\/v2\/posts\/8254\/revisions"}],"predecessor-version":[{"id":8256,"href":"https:\/\/mirasol-centre.com\/es\/wp-json\/wp\/v2\/posts\/8254\/revisions\/8256"}],"wp:featuredmedia":[{"embeddable":true,"href":"https:\/\/mirasol-centre.com\/es\/wp-json\/wp\/v2\/media\/8252"}],"wp:attachment":[{"href":"https:\/\/mirasol-centre.com\/es\/wp-json\/wp\/v2\/media?parent=8254"}],"wp:term":[{"taxonomy":"category","embeddable":true,"href":"https:\/\/mirasol-centre.com\/es\/wp-json\/wp\/v2\/categories?post=8254"},{"taxonomy":"post_tag","embeddable":true,"href":"https:\/\/mirasol-centre.com\/es\/wp-json\/wp\/v2\/tags?post=8254"}],"curies":[{"name":"wp","href":"https:\/\/api.w.org\/{rel}","templated":true}]}}