{"id":8726,"date":"2025-05-08T17:38:38","date_gmt":"2025-05-08T17:38:38","guid":{"rendered":"https:\/\/mirasol-centre.com\/?p=8726"},"modified":"2025-05-08T17:38:40","modified_gmt":"2025-05-08T17:38:40","slug":"concurrencia-publica-adjudicacio-dun-local-comercial-a-mira-sol-centre","status":"publish","type":"post","link":"https:\/\/mirasol-centre.com\/es\/concurrencia-publica-adjudicacio-dun-local-comercial-a-mira-sol-centre\/","title":{"rendered":"Concurr\u00e8ncia P\u00fablica: Adjudicaci\u00f3 d\u2019un Local Comercial a Mira-sol Centre"},"content":{"rendered":"\n<p><strong>Concurr\u00e8ncia P\u00fablica: Adjudicaci\u00f3 d\u2019un Local Comercial a Mira-sol Centre<\/strong><\/p>\n\n\n\n<p>Es fa p\u00fablica l\u2019adjudicaci\u00f3 del contracte d\u2019arrendament del local comercial H-L5 situat a la pla\u00e7a Ausi\u00e0s March 1-9 a la centralitat comercial de Mira-sol Centre a Sant Cugat del Vall\u00e8s \u2013 mitjan\u00e7ant concurr\u00e8ncia p\u00fablica d\u2019ofertes-. (EXP. 2743\/2025).<\/p>\n\n\n\n<p>Les persones interessades podran presentar les seves propostes fins el dia 30 de maig a les 14,00h, preferentment a les oficines d\u2019atenci\u00f3 a la ciutadania de Promusa del Passeig de Francesc Maci\u00e0, n\u00fam. 16-20, en un sobre tancat. M\u00e9s informaci\u00f3 a <a href=\"http:\/\/www.promusa.cat\">www.promusa.cat<\/a><\/p>\n\n\n\n<p>Per ampliar informaci\u00f3, aneu als enlla\u00e7os:<\/p>\n\n\n\n<p><a href=\"https:\/\/www.promusa.cat\/licitacions\/\">https:\/\/www.promusa.cat\/licitacions\/<\/a> <\/p>\n\n\n\n<p><a href=\"https:\/\/www.promusa.cat\/noticies\/\">https:\/\/www.promusa.cat\/noticies\/<\/a><\/p>\n\n\n\n<p><a href=\"https:\/\/www.instagram.com\/p\/DJWDo4JNPxq\/?igsh=ZXNpbXNrcTE0Njk=\">https:\/\/www.instagram.com\/p\/DJWDo4JNPxq\/?igsh=ZXNpbXNrcTE0Njk=<\/a><\/p>\n\n\n\n<figure class=\"wp-block-image size-full\"><img decoding=\"async\" loading=\"lazy\" width=\"1000\" height=\"630\" src=\"https:\/\/mirasol-centre.com\/nousite\/wp-content\/uploads\/2025\/05\/mirasol.jpg\" alt=\"\" class=\"wp-image-8728\" srcset=\"https:\/\/mirasol-centre.com\/nousite\/wp-content\/uploads\/2025\/05\/mirasol.jpg 1000w, https:\/\/mirasol-centre.com\/nousite\/wp-content\/uploads\/2025\/05\/mirasol-768x484.jpg 768w, https:\/\/mirasol-centre.com\/nousite\/wp-content\/uploads\/2025\/05\/mirasol-640x403.jpg 640w, https:\/\/mirasol-centre.com\/nousite\/wp-content\/uploads\/2025\/05\/mirasol-400x252.jpg 400w, https:\/\/mirasol-centre.com\/nousite\/wp-content\/uploads\/2025\/05\/mirasol-367x231.jpg 367w, https:\/\/mirasol-centre.com\/nousite\/wp-content\/uploads\/2025\/05\/mirasol-600x378.jpg 600w\" sizes=\"(max-width: 1000px) 100vw, 1000px\" \/><\/figure>\n","protected":false},"excerpt":{"rendered":"<p>Concurr\u00e8ncia P\u00fablica: Adjudicaci\u00f3 d\u2019un Local Comercial a Mira-sol Centre Es fa p\u00fablica l\u2019adjudicaci\u00f3 del contracte d\u2019arrendament del local comercial H-L5 situat a la pla\u00e7a Ausi\u00e0s March 1-9 a la centralitat [&hellip;]<\/p>\n","protected":false},"author":1,"featured_media":8728,"comment_status":"closed","ping_status":"closed","sticky":false,"template":"","format":"standard","meta":[],"categories":[116],"tags":[],"featured_image_src":{"landsacpe":["https:\/\/mirasol-centre.com\/nousite\/wp-content\/uploads\/2025\/05\/mirasol-1000x445.jpg",1000,445,true],"list":["https:\/\/mirasol-centre.com\/nousite\/wp-content\/uploads\/2025\/05\/mirasol-463x348.jpg",463,348,true],"medium":["https:\/\/mirasol-centre.com\/nousite\/wp-content\/uploads\/2025\/05\/mirasol-300x189.jpg",300,189,true],"full":["https:\/\/mirasol-centre.com\/nousite\/wp-content\/uploads\/2025\/05\/mirasol.jpg",1000,630,false]},"_links":{"self":[{"href":"https:\/\/mirasol-centre.com\/es\/wp-json\/wp\/v2\/posts\/8726"}],"collection":[{"href":"https:\/\/mirasol-centre.com\/es\/wp-json\/wp\/v2\/posts"}],"about":[{"href":"https:\/\/mirasol-centre.com\/es\/wp-json\/wp\/v2\/types\/post"}],"author":[{"embeddable":true,"href":"https:\/\/mirasol-centre.com\/es\/wp-json\/wp\/v2\/users\/1"}],"replies":[{"embeddable":true,"href":"https:\/\/mirasol-centre.com\/es\/wp-json\/wp\/v2\/comments?post=8726"}],"version-history":[{"count":1,"href":"https:\/\/mirasol-centre.com\/es\/wp-json\/wp\/v2\/posts\/8726\/revisions"}],"predecessor-version":[{"id":8733,"href":"https:\/\/mirasol-centre.com\/es\/wp-json\/wp\/v2\/posts\/8726\/revisions\/8733"}],"wp:featuredmedia":[{"embeddable":true,"href":"https:\/\/mirasol-centre.com\/es\/wp-json\/wp\/v2\/media\/8728"}],"wp:attachment":[{"href":"https:\/\/mirasol-centre.com\/es\/wp-json\/wp\/v2\/media?parent=8726"}],"wp:term":[{"taxonomy":"category","embeddable":true,"href":"https:\/\/mirasol-centre.com\/es\/wp-json\/wp\/v2\/categories?post=8726"},{"taxonomy":"post_tag","embeddable":true,"href":"https:\/\/mirasol-centre.com\/es\/wp-json\/wp\/v2\/tags?post=8726"}],"curies":[{"name":"wp","href":"https:\/\/api.w.org\/{rel}","templated":true}]}}